{"id":19224,"date":"2018-05-29T00:00:03","date_gmt":"2018-05-28T22:00:03","guid":{"rendered":"https:\/\/www.claret.org\/29-mayo\/"},"modified":"2018-05-29T00:00:03","modified_gmt":"2018-05-28T22:00:03","slug":"29-mayo","status":"publish","type":"post","link":"https:\/\/www.claret.org\/es\/29-mayo\/","title":{"rendered":"29 Mayo"},"content":{"rendered":"<div class=\"field field-name-field-meditacion-cita-texto field-type-text-long field-label-hidden\">\n<div class=\"field-items\">\n<div class=\"field-item even\">En los ni\u00f1os s\u00f3lo hay el trabajo de plantar, y en los adultos de arrancar y de plantar. Hay adem\u00e1s otra ventaja, que con los ni\u00f1os se conquistan los grandes, y con los hijos a los padres, porque los hijos son pedazos del coraz\u00f3n de los padres. Y adem\u00e1s, d\u00e1ndoles, en premio de su asistencia [a la catequesis] y aplicaci\u00f3n, alguna estampita, los padres y los adultos las leen en casa por curiosidad, y no pocas veces se convierten, como lo s\u00e9 por experiencia.<\/div>\n<\/div>\n<\/div>\n<div class=\"field field-name-field-meditacion-cita field-type-text field-label-hidden\">\n<div class=\"field-items\">\n<div class=\"field-item even\">Aut 275<\/div>\n<\/div>\n<\/div>\n<div class=\"titulo-meditacion\">\n<h2>ASTUCIA EVANG\u00c9LICA<\/h2>\n<\/div>\n<div class=\"field field-name-body field-type-text-with-summary field-label-hidden\">\n<div class=\"field-items\">\n<div class=\"field-item even\">\n<p>La opini\u00f3n m\u00e1s extendida en el \u00e1mbito de la psicopedagog\u00eda coincide en se\u00f1alar la gran capacidad de aprendizaje del ni\u00f1o cuanto m\u00e1s temprana es la edad. A su vez, en muchos programas educativos se resalta la necesidad de un incentivo de parte del  ambiente y de los adultos para que los ni\u00f1os crezcan motivados y puedan vivir sanas situaciones de aprendizaje.<br \/>\nEn la experiencia religiosa, durante siglos, padres y madres, muchas abuelas y otras personas cercanas plantaron la fe y aseguraron el proceso de transmisi\u00f3n de la misma de generaci\u00f3n en generaci\u00f3n, de hogar en hogar. As\u00ed, el primer anuncio, la cercan\u00eda de Dios, la amistad con Jes\u00fas, la oraci\u00f3n a Mar\u00eda y a algunos santos ven\u00eda ya afianzado desde el propio contexto familiar.<br \/>\nHoy vivimos, en occidente, una profunda crisis en la transmisi\u00f3n de la fe. Muchos hogares viven como si Dios no existiera. Por ello, lo que el Padre Claret nos ense\u00f1a sigue siendo una gran verdad. Toca a los catequistas (cuando los padres no lo hacen) plantar en los ni\u00f1os los valores fundamentales, la apertura a Dios, la solidaridad y el respeto para con los dem\u00e1s, la protecci\u00f3n de la naturaleza, y tantos otros principios&#8230;<br \/>\nComo siempre ha ocurrido en la historia, los grandes cambios vienen desde lo que, en las  apariencias, es m\u00e1s fr\u00e1gil y d\u00e9bil. Recordemos c\u00f3mo fue el peque\u00f1o Juan en el seno de Isabel quien advirti\u00f3 antes que nadie la venida del Se\u00f1or (cf. Lc 1,39-45). Esta es la manera que Dios elige para actuar. La misma precariedad del nacimiento de Jes\u00fas nos lo dice.<br \/>\n\u00bfC\u00f3mo se ha realizado -o se est\u00e1 realizando- la transmisi\u00f3n de la fe en mi hogar? \u00bfy en el colegio o parroquia a que pertenezco o en que colaboro? \u00bfHay inventiva para hacer atrayente el mensaje o la rutina amenaza con ahuyentar a los destinatarios?<\/p>\n<\/div>\n<\/div>\n<\/div>\n","protected":false},"excerpt":{"rendered":"<p>En los ni\u00f1os s\u00f3lo hay el trabajo de plantar, y en los adultos de arrancar y de plantar. Hay adem\u00e1s otra ventaja, que con los ni\u00f1os se conquistan los grandes, y con los hijos a los padres, porque los hijos son pedazos del coraz\u00f3n de los padres. Y adem\u00e1s, d\u00e1ndoles, en premio de su asistencia [&hellip;]<\/p>\n","protected":false},"author":1,"featured_media":0,"comment_status":"closed","ping_status":"closed","sticky":false,"template":"","format":"standard","meta":{"_et_pb_use_builder":"","_et_pb_old_content":"","_et_gb_content_width":"","footnotes":""},"categories":[526],"tags":[],"class_list":["post-19224","post","type-post","status-publish","format-standard","hentry","category-claret-contigo"],"jetpack_featured_media_url":"","jetpack_sharing_enabled":true,"jetpack_shortlink":"https:\/\/wp.me\/pdaBmi-504","jetpack_likes_enabled":true,"_links":{"self":[{"href":"https:\/\/www.claret.org\/es\/wp-json\/wp\/v2\/posts\/19224","targetHints":{"allow":["GET"]}}],"collection":[{"href":"https:\/\/www.claret.org\/es\/wp-json\/wp\/v2\/posts"}],"about":[{"href":"https:\/\/www.claret.org\/es\/wp-json\/wp\/v2\/types\/post"}],"author":[{"embeddable":true,"href":"https:\/\/www.claret.org\/es\/wp-json\/wp\/v2\/users\/1"}],"replies":[{"embeddable":true,"href":"https:\/\/www.claret.org\/es\/wp-json\/wp\/v2\/comments?post=19224"}],"version-history":[{"count":0,"href":"https:\/\/www.claret.org\/es\/wp-json\/wp\/v2\/posts\/19224\/revisions"}],"wp:attachment":[{"href":"https:\/\/www.claret.org\/es\/wp-json\/wp\/v2\/media?parent=19224"}],"wp:term":[{"taxonomy":"category","embeddable":true,"href":"https:\/\/www.claret.org\/es\/wp-json\/wp\/v2\/categories?post=19224"},{"taxonomy":"post_tag","embeddable":true,"href":"https:\/\/www.claret.org\/es\/wp-json\/wp\/v2\/tags?post=19224"}],"curies":[{"name":"wp","href":"https:\/\/api.w.org\/{rel}","templated":true}]}}