{"id":19962,"date":"2018-06-01T00:00:09","date_gmt":"2018-05-31T22:00:09","guid":{"rendered":"https:\/\/www.claret.org\/1-junio\/"},"modified":"2018-06-01T00:00:09","modified_gmt":"2018-05-31T22:00:09","slug":"1-junio","status":"publish","type":"post","link":"https:\/\/www.claret.org\/es\/1-junio\/","title":{"rendered":"1 Junio"},"content":{"rendered":"<div class=\"field field-name-field-meditacion-cita-texto field-type-text-long field-label-hidden\">\n<div class=\"field-items\">\n<div class=\"field-item even\">Tengo que ser como una vela que arde: gasta la cera y luce hasta que muere. Los miembros gustan de unirse a su cabeza, el hierro al im\u00e1n, y yo a Jes\u00fas deseo unirme en el sacramento y en el cielo.<\/div>\n<\/div>\n<\/div>\n<div class=\"field field-name-field-meditacion-cita field-type-text field-label-hidden\">\n<div class=\"field-items\">\n<div class=\"field-item even\">Prop\u00f3sitos de 1870: AEC, p. 730<\/div>\n<\/div>\n<\/div>\n<div class=\"titulo-meditacion\">\n<h2>UNI\u00d3N CON CRISTO<\/h2>\n<\/div>\n<div class=\"field field-name-body field-type-text-with-summary field-label-hidden\">\n<div class=\"field-items\">\n<div class=\"field-item even\">\n<p>\u201cA Jes\u00fas deseo unirme\u201d. Hoy todos hablamos del mundo de los deseos, pero, \u00bfqu\u00e9 entendemos por deseo? \u00bfQu\u00e9 dimensiones humanas abarca? \u00bfC\u00f3mo se relaciona con nuestras necesidades y nuestra voluntad? \u00bfQu\u00e9 papel juega la capacidad de desear en nuestro crecimiento humano y espiritual? \u00bfQu\u00e9 deseamos? No son preguntas triviales&#8230; En los deseos nos jugamos mucho. No podemos, y a veces lo hacemos, separar el mundo de los deseos de la inteligencia y voluntad. Todo lo que deseo no lo puedo alcanzar y no todo lo que deseo es conveniente para mi crecimiento y maduraci\u00f3n, ni para quienes que me rodean. La inteligencia me indicar\u00e1 lo que es conveniente y la voluntad marcar\u00e1 los l\u00edmites&#8230;De ah\u00ed la importancia del discernimiento. Discernir qu\u00e9 conviene hacer o no hacer&#8230; y actuar en consecuencia.<br \/>\nEn lo profundo de nuestro coraz\u00f3n deseamos a Dios&#8230; experiencia que nos llena de gozo y de confianza para caminar en la vida. As\u00ed fue Claret: un hombre de grandes deseos que supo someterlos a las mediaciones y al discernimiento; por eso fue feliz.<br \/>\nJes\u00fas amigo desea regalarnos su amistad y, como en el caso de dos amigos que se aman intensamente, su meta es fundirse como la cera, experimentar la atracci\u00f3n del im\u00e1n&#8230; \u00bfExperimento esta atracci\u00f3n? \u00bfMe dice mucho la palabra \u201cJes\u00fas\u201d? \u00bfO quiz\u00e1 no es nadie para m\u00ed? \u00a1Qu\u00e9 triste! \u00bfCu\u00e1les son mis deseos m\u00e1s profundos? \u00bfMi meta?<br \/>\nJes\u00fas pregunta a los disc\u00edpulos del Bautista por sus deseos: \u00bf\u201dQu\u00e9 busc\u00e1is\u201d? &#8230; y se quedaron con \u00c9l. \u201cAl d\u00eda siguiente Juan estaba otra vez all\u00ed con dos de sus disc\u00edpulos. Fijando la vista en Jes\u00fas que pasaba dice: Este es el Cordero de Dios. Al o\u00edrlo hablar as\u00ed los dos disc\u00edpulos siguieron a Jes\u00fas. Volvi\u00e9ndose entonces Jes\u00fas y mirando a los que lo segu\u00edan, les pregunta: \u00bfQu\u00e9 dese\u00e1is? Ellos le respondieron: Rabb\u00ed, \u00bfd\u00f3nde vives? \u00c9l les responde: Venid y lo ver\u00e9is. Fueron y vieron d\u00f3nde viv\u00eda y se quedaron con \u00c9l aquel d\u00eda. Era la hora d\u00e9cima\u201d (Jn 1, 35-39).<\/p>\n<\/div>\n<\/div>\n<\/div>\n","protected":false},"excerpt":{"rendered":"<p>Tengo que ser como una vela que arde: gasta la cera y luce hasta que muere. Los miembros gustan de unirse a su cabeza, el hierro al im\u00e1n, y yo a Jes\u00fas deseo unirme en el sacramento y en el cielo. Prop\u00f3sitos de 1870: AEC, p. 730 UNI\u00d3N CON CRISTO \u201cA Jes\u00fas deseo unirme\u201d. Hoy [&hellip;]<\/p>\n","protected":false},"author":1,"featured_media":0,"comment_status":"closed","ping_status":"closed","sticky":false,"template":"","format":"standard","meta":{"_et_pb_use_builder":"","_et_pb_old_content":"","_et_gb_content_width":"","footnotes":""},"categories":[526],"tags":[],"class_list":["post-19962","post","type-post","status-publish","format-standard","hentry","category-claret-contigo"],"jetpack_featured_media_url":"","jetpack_sharing_enabled":true,"jetpack_shortlink":"https:\/\/wp.me\/pdaBmi-5bY","jetpack_likes_enabled":true,"_links":{"self":[{"href":"https:\/\/www.claret.org\/es\/wp-json\/wp\/v2\/posts\/19962","targetHints":{"allow":["GET"]}}],"collection":[{"href":"https:\/\/www.claret.org\/es\/wp-json\/wp\/v2\/posts"}],"about":[{"href":"https:\/\/www.claret.org\/es\/wp-json\/wp\/v2\/types\/post"}],"author":[{"embeddable":true,"href":"https:\/\/www.claret.org\/es\/wp-json\/wp\/v2\/users\/1"}],"replies":[{"embeddable":true,"href":"https:\/\/www.claret.org\/es\/wp-json\/wp\/v2\/comments?post=19962"}],"version-history":[{"count":0,"href":"https:\/\/www.claret.org\/es\/wp-json\/wp\/v2\/posts\/19962\/revisions"}],"wp:attachment":[{"href":"https:\/\/www.claret.org\/es\/wp-json\/wp\/v2\/media?parent=19962"}],"wp:term":[{"taxonomy":"category","embeddable":true,"href":"https:\/\/www.claret.org\/es\/wp-json\/wp\/v2\/categories?post=19962"},{"taxonomy":"post_tag","embeddable":true,"href":"https:\/\/www.claret.org\/es\/wp-json\/wp\/v2\/tags?post=19962"}],"curies":[{"name":"wp","href":"https:\/\/api.w.org\/{rel}","templated":true}]}}