{"id":22263,"date":"2018-06-24T00:00:09","date_gmt":"2018-06-23T22:00:09","guid":{"rendered":"https:\/\/www.claret.org\/?p=22263"},"modified":"2018-06-24T00:00:09","modified_gmt":"2018-06-23T22:00:09","slug":"24-junio","status":"publish","type":"post","link":"https:\/\/www.claret.org\/es\/24-junio\/","title":{"rendered":"24 Junio"},"content":{"rendered":"<div class=\"field field-name-field-meditacion-cita-texto field-type-text-long field-label-hidden\">\n<div class=\"field-items\">\n<div class=\"field-item even\">Jesucristo nos dio por Madre nuestra a Mar\u00eda Sant\u00edsima. Y nos encarg\u00f3 que la tuvi\u00e9ramos por madre, y ella que nos mirase como hijos.<\/div>\n<\/div>\n<\/div>\n<div class=\"field field-name-field-meditacion-cita field-type-text field-label-hidden\">\n<div class=\"field-items\">\n<div class=\"field-item even\">Reloj de la pasi\u00f3n, en EE pp. 199-200<\/div>\n<\/div>\n<\/div>\n<div class=\"titulo-meditacion\">\n<h2>REGALO CUALIFICADO<\/h2>\n<\/div>\n<div class=\"field field-name-body field-type-text-with-summary field-label-hidden\">\n<div class=\"field-items\">\n<div class=\"field-item even\">\n<p>Antes de morir en la cruz, Jes\u00fas encomend\u00f3 al disc\u00edpulo amado el cuidado de su Madre: \u00abAh\u00ed tienes a tu Madre\u00bb (Jn 19, 27). Con la aceptaci\u00f3n inmediata (\u201cdesde aquella hora\u201d) de este don, Dios nos ense\u00f1a \u2013en la pasi\u00f3n de Jes\u00fas- a vivir en actitud filial para con Mar\u00eda. Con esa entrega de Mar\u00eda, el disc\u00edpulo queda convertido en hijo.<br \/>\nNo es extra\u00f1o que, en su evangelio, el Disc\u00edpulo Amado presente a Mar\u00eda con algunos rasgos distintos de los sin\u00f3pticos. Destaca, sobre todo, la narraci\u00f3n de las bodas de Can\u00e1, en la que expresa la convicci\u00f3n de que Mar\u00eda tuvo una funci\u00f3n mediadora para que Jes\u00fas manifestase su gloria a los disc\u00edpulos. El hecho proporcion\u00f3 a \u00e9stos la inicial experiencia de fe (Jn 2,11). Esta misma narraci\u00f3n nos presenta a Mar\u00eda como una mujer sensible a las necesidades de todos. En su presencia &#8211; que capta necesidades y busca soluciones a las mismas-, el disc\u00edpulo amado ve la tierna maternidad de Mar\u00eda, que no puede soportar las penas de sus hijos. A trav\u00e9s del mismo acontecimiento, Mar\u00eda es tambi\u00e9n la \u201cprimera ap\u00f3stol\u201d de Jes\u00fas, que invita a tomarle por Maestro y Se\u00f1or: \u00abHaced lo que \u00c9l os diga\u00bb (Jn 2,15). Aceptar a Mar\u00eda como madre nuestra es obedecer a Jes\u00fas, que equivale a entrar en relaci\u00f3n de amor con \u00c9l (cf. Jn 15,10).<br \/>\nClaret recibi\u00f3 y vivi\u00f3 con gran hondura este don de la filiaci\u00f3n mariana, y se esforz\u00f3 por impl\u00e1ntalo en la vida de todos los creyentes. En referencia a s\u00ed mismo, escribi\u00f3: \u201cMar\u00eda es mi madre, mi maestra, mi madrina, mi Directora y mi todo despu\u00e9s de Jes\u00fas\u201d (Aut 5). En su petici\u00f3n a ella para crecer en amor divino y en amor al pr\u00f3jimo le pide que le d\u00e9 \u201chambre y sed de amor\u201d (Aut 447), consciente de que ella lo posee en abundancia; y en su misi\u00f3n apost\u00f3lica se considera como \u201cuna saeta puesta vuestra mano poderosa\u201d para luchar contra el mal (Aut 270).<br \/>\n\u00bfQu\u00e9 lugar reservas a Mar\u00eda en tu espiritualidad cotidiana? \u00bfEs tu relaci\u00f3n con Ella meramente sentimental, o supone un impulso para buscar con m\u00e1s ah\u00ednco la voluntad del Hijo y entregarte a trabajar por los valores del Reino?<\/p>\n<\/div>\n<\/div>\n<\/div>\n","protected":false},"excerpt":{"rendered":"<p>Jesucristo nos dio por Madre nuestra a Mar\u00eda Sant\u00edsima. Y nos encarg\u00f3 que la tuvi\u00e9ramos por madre, y ella que nos mirase como hijos. Reloj de la pasi\u00f3n, en EE pp. 199-200 REGALO CUALIFICADO Antes de morir en la cruz, Jes\u00fas encomend\u00f3 al disc\u00edpulo amado el cuidado de su Madre: \u00abAh\u00ed tienes a tu Madre\u00bb [&hellip;]<\/p>\n","protected":false},"author":1,"featured_media":0,"comment_status":"closed","ping_status":"closed","sticky":false,"template":"","format":"standard","meta":{"_et_pb_use_builder":"","_et_pb_old_content":"","_et_gb_content_width":"","footnotes":""},"categories":[526],"tags":[],"class_list":["post-22263","post","type-post","status-publish","format-standard","hentry","category-claret-contigo"],"jetpack_featured_media_url":"","jetpack_sharing_enabled":true,"jetpack_shortlink":"https:\/\/wp.me\/pdaBmi-5N5","jetpack_likes_enabled":true,"_links":{"self":[{"href":"https:\/\/www.claret.org\/es\/wp-json\/wp\/v2\/posts\/22263","targetHints":{"allow":["GET"]}}],"collection":[{"href":"https:\/\/www.claret.org\/es\/wp-json\/wp\/v2\/posts"}],"about":[{"href":"https:\/\/www.claret.org\/es\/wp-json\/wp\/v2\/types\/post"}],"author":[{"embeddable":true,"href":"https:\/\/www.claret.org\/es\/wp-json\/wp\/v2\/users\/1"}],"replies":[{"embeddable":true,"href":"https:\/\/www.claret.org\/es\/wp-json\/wp\/v2\/comments?post=22263"}],"version-history":[{"count":0,"href":"https:\/\/www.claret.org\/es\/wp-json\/wp\/v2\/posts\/22263\/revisions"}],"wp:attachment":[{"href":"https:\/\/www.claret.org\/es\/wp-json\/wp\/v2\/media?parent=22263"}],"wp:term":[{"taxonomy":"category","embeddable":true,"href":"https:\/\/www.claret.org\/es\/wp-json\/wp\/v2\/categories?post=22263"},{"taxonomy":"post_tag","embeddable":true,"href":"https:\/\/www.claret.org\/es\/wp-json\/wp\/v2\/tags?post=22263"}],"curies":[{"name":"wp","href":"https:\/\/api.w.org\/{rel}","templated":true}]}}