{"id":23513,"date":"2018-07-04T11:49:15","date_gmt":"2018-07-04T09:49:15","guid":{"rendered":"https:\/\/www.claret.org\/40o-aniversario-del-noviciado-claretiano-en-camerun-e-inauguracion-del-nuevo-edificio-de-antoine-probst-de-kali\/"},"modified":"2018-07-04T11:49:15","modified_gmt":"2018-07-04T09:49:15","slug":"40o-aniversario-del-noviciado-claretiano-en-camerun-e-inauguracion-del-nuevo-edificio-de-antoine-probst-de-kali","status":"publish","type":"post","link":"https:\/\/www.claret.org\/es\/40o-aniversario-del-noviciado-claretiano-en-camerun-e-inauguracion-del-nuevo-edificio-de-antoine-probst-de-kali\/","title":{"rendered":"40\u00ba Aniversario del Noviciado Claretiano en Camer\u00fan e Inauguraci\u00f3n del Nuevo Edificio de Antoine Probst de Kali"},"content":{"rendered":"<p><span id=\"result_box\" class=\"\" lang=\"en\"><span class=\"\"><strong>Kali, Camer\u00fan.<\/strong> El 2 de julio de 2018, con motivo de la celebraci\u00f3n de los cuarenta a\u00f1os de la Casa del Noviciado de los Misioneros Claretianos en Cameron, se realiz\u00f3 la bendici\u00f3n de un nuevo edificio llamado Antoine Probst de Kali con la celebraci\u00f3n de la Santa Eucarist\u00eda presidida por Monse\u00f1or Jean Marie Ndi Olala, Obispo de Mbalmayo, y concelebrada por Monse\u00f1or Juan Domingo-Beka Esono Ayang, CMF, Obispo de Mongomo en Guinea Ecuatorial; P. Michel Archangel Tigui, CMF, Superior Mayor de la Delegaci\u00f3n Independiente de Camer\u00fan; y muchos otros sacerdotes de la Di\u00f3cesis de Mbalmayo y Mongomo, y de las Comunidades Claretianas en Camer\u00fan.<\/span><\/span><\/p>\n<p><span id=\"result_box\" class=\"\" lang=\"en\"><span class=\"\">Las celebraciones finalizaron con festividades fraternales.<\/span><\/span><\/p>\n<p>&nbsp;<\/p>\n<div class=\"et_pb_slider et_pb_slider_fullwidth_off et_pb_gallery_post_type\">\n\t\t\t\t<div class=\"et_pb_slides\">\n\t\t\t\t\t<div class=\"et_pb_slide\" style=\"background: url(https:\/\/www.claret.org\/wp-content\/uploads\/2018\/07\/40-years-novitiate-Cameroon-1.jpg);\"><\/div><div class=\"et_pb_slide\" style=\"background: url(https:\/\/www.claret.org\/wp-content\/uploads\/2018\/07\/40-years-novitiate-Cameroon-2.jpg);\"><\/div><div class=\"et_pb_slide\" style=\"background: url(https:\/\/www.claret.org\/wp-content\/uploads\/2018\/07\/40-years-novitiate-Cameroon-3.jpg);\"><\/div><div class=\"et_pb_slide\" style=\"background: url(https:\/\/www.claret.org\/wp-content\/uploads\/2018\/07\/40-years-novitiate-Cameroon-4.jpg);\"><\/div>\n\t\t\t\t<\/div>\n\t\t\t<\/div>\n","protected":false},"excerpt":{"rendered":"<p>Kali, Camer\u00fan. El 2 de julio de 2018, con motivo de la celebraci\u00f3n de los cuarenta a\u00f1os de la Casa del Noviciado de los Misioneros Claretianos en Cameron, se realiz\u00f3 la bendici\u00f3n de un nuevo edificio llamado Antoine Probst de Kali con la celebraci\u00f3n de la Santa Eucarist\u00eda presidida por Monse\u00f1or Jean Marie Ndi Olala, [&hellip;]<\/p>\n","protected":false},"author":2,"featured_media":23497,"comment_status":"closed","ping_status":"closed","sticky":false,"template":"","format":"standard","meta":{"_et_pb_use_builder":"","_et_pb_old_content":"","_et_gb_content_width":"","footnotes":""},"categories":[984,541,132,1153],"tags":[],"class_list":["post-23513","post","type-post","status-publish","format-standard","has-post-thumbnail","hentry","category-acla-es","category-aniversarios","category-cameroun-es","category-noviciado"],"jetpack_featured_media_url":"https:\/\/i0.wp.com\/www.claret.org\/wp-content\/uploads\/2018\/07\/40-years-novitiate-Cameroon-2.jpg?fit=4032%2C3024&ssl=1","jetpack_sharing_enabled":true,"jetpack_shortlink":"https:\/\/wp.me\/pdaBmi-67f","jetpack_likes_enabled":true,"_links":{"self":[{"href":"https:\/\/www.claret.org\/es\/wp-json\/wp\/v2\/posts\/23513","targetHints":{"allow":["GET"]}}],"collection":[{"href":"https:\/\/www.claret.org\/es\/wp-json\/wp\/v2\/posts"}],"about":[{"href":"https:\/\/www.claret.org\/es\/wp-json\/wp\/v2\/types\/post"}],"author":[{"embeddable":true,"href":"https:\/\/www.claret.org\/es\/wp-json\/wp\/v2\/users\/2"}],"replies":[{"embeddable":true,"href":"https:\/\/www.claret.org\/es\/wp-json\/wp\/v2\/comments?post=23513"}],"version-history":[{"count":0,"href":"https:\/\/www.claret.org\/es\/wp-json\/wp\/v2\/posts\/23513\/revisions"}],"wp:featuredmedia":[{"embeddable":true,"href":"https:\/\/www.claret.org\/es\/wp-json\/wp\/v2\/media\/23497"}],"wp:attachment":[{"href":"https:\/\/www.claret.org\/es\/wp-json\/wp\/v2\/media?parent=23513"}],"wp:term":[{"taxonomy":"category","embeddable":true,"href":"https:\/\/www.claret.org\/es\/wp-json\/wp\/v2\/categories?post=23513"},{"taxonomy":"post_tag","embeddable":true,"href":"https:\/\/www.claret.org\/es\/wp-json\/wp\/v2\/tags?post=23513"}],"curies":[{"name":"wp","href":"https:\/\/api.w.org\/{rel}","templated":true}]}}