{"id":23716,"date":"2018-07-07T00:00:50","date_gmt":"2018-07-06T22:00:50","guid":{"rendered":"https:\/\/www.claret.org\/7-julio\/"},"modified":"2018-07-07T00:00:50","modified_gmt":"2018-07-06T22:00:50","slug":"7-julio","status":"publish","type":"post","link":"https:\/\/www.claret.org\/es\/7-julio\/","title":{"rendered":"7 Julio"},"content":{"rendered":"<div class=\"field field-name-field-meditacion-cita-texto field-type-text-long field-label-hidden\">\n<div class=\"field-items\">\n<div class=\"field-item even\">En estos \u00faltimos tiempos parece que Dios quiere que los seglares tengan una gran parte en la salvaci\u00f3n de las almas<\/div>\n<\/div>\n<\/div>\n<div class=\"field field-name-field-meditacion-cita field-type-text field-label-hidden\">\n<div class=\"field-items\">\n<div class=\"field-item even\">Las Bibliotecas Populares y Parroquiales. Madrid 1864, p. 18<\/div>\n<\/div>\n<\/div>\n<div class=\"titulo-meditacion\">\n<h2>SEGLAR Y AP\u00d3STOL<\/h2>\n<\/div>\n<div class=\"field field-name-body field-type-text-with-summary field-label-hidden\">\n<div class=\"field-items\">\n<div class=\"field-item even\">\n<p>Descubrir la vocaci\u00f3n cristiana a la que hemos sido llamados y vivirla con todas las consecuencias es lo que nos va realizando como personas, lo que nos hace crecer y ser felices. Como sabemos, a partir del concilio Vaticano II se despert\u00f3 en la Iglesia una creciente sensibilidad hacia los laicos. Fue como un reconocimiento de esta verdad tan elemental: que todos somos Pueblo de Dios, llamados a la construcci\u00f3n del Reino de Dios. Pero cada cual seg\u00fan sus dones y carisma. Como dice San Pablo: \u201cHay diversidad de carismas, pero el Esp\u00edritu es el mismo. Hay diversidad de servicios, pero el Se\u00f1or es el mismo\u201d (1Cor 12, 4-11).<br \/>\nLas tareas de los laicos dependen de su vocaci\u00f3n, que ha de ser bien discernida, atendiendo a las necesidades y cualidades de cada uno y siempre al servicio de los dem\u00e1s dentro de la Iglesia. Hoy d\u00eda hay un buen n\u00famero de laicos que viven su fidelidad a Cristo y su pertenencia a la Iglesia con entusiasmo y de una forma verdaderamente renovada. Su anuncio del Evangelio se realiza sobre todo a trav\u00e9s del testimonio de su vida, a trav\u00e9s de sus deberes y responsabilidades en medio de la sociedad: con sus vecinos, con sus compa\u00f1eros de clase, en sus trabajos etc. Como se\u00f1al\u00f3 el concilio Vaticano II, es misi\u00f3n de los seglares transformar \u2013en la medida de sus fuerzas\u2013 y sanear las estructuras y los ambientes del mundo.<br \/>\nA\u00fan queda mucho por hacer, pero cuando m\u00e1s profundicemos en la vocaci\u00f3n a la que hemos sido llamados (a trav\u00e9s de la Palabra, de una continua formaci\u00f3n, celebrando y compartiendo nuestra fe, en nuestro compromiso con los dem\u00e1s), m\u00e1s frutos daremos en la construcci\u00f3n del Reino, en comuni\u00f3n con otras vocaciones, en misi\u00f3n compartida.<br \/>\n\u00bfC\u00f3mo percibo mi vocaci\u00f3n dentro de la Iglesia?<\/p>\n<\/div>\n<\/div>\n<\/div>\n","protected":false},"excerpt":{"rendered":"<p>En estos \u00faltimos tiempos parece que Dios quiere que los seglares tengan una gran parte en la salvaci\u00f3n de las almas Las Bibliotecas Populares y Parroquiales. Madrid 1864, p. 18 SEGLAR Y AP\u00d3STOL Descubrir la vocaci\u00f3n cristiana a la que hemos sido llamados y vivirla con todas las consecuencias es lo que nos va realizando [&hellip;]<\/p>\n","protected":false},"author":1,"featured_media":0,"comment_status":"closed","ping_status":"closed","sticky":false,"template":"","format":"standard","meta":{"_et_pb_use_builder":"","_et_pb_old_content":"","_et_gb_content_width":"","footnotes":""},"categories":[526],"tags":[],"class_list":["post-23716","post","type-post","status-publish","format-standard","hentry","category-claret-contigo"],"jetpack_featured_media_url":"","jetpack_sharing_enabled":true,"jetpack_shortlink":"https:\/\/wp.me\/pdaBmi-6aw","jetpack_likes_enabled":true,"_links":{"self":[{"href":"https:\/\/www.claret.org\/es\/wp-json\/wp\/v2\/posts\/23716","targetHints":{"allow":["GET"]}}],"collection":[{"href":"https:\/\/www.claret.org\/es\/wp-json\/wp\/v2\/posts"}],"about":[{"href":"https:\/\/www.claret.org\/es\/wp-json\/wp\/v2\/types\/post"}],"author":[{"embeddable":true,"href":"https:\/\/www.claret.org\/es\/wp-json\/wp\/v2\/users\/1"}],"replies":[{"embeddable":true,"href":"https:\/\/www.claret.org\/es\/wp-json\/wp\/v2\/comments?post=23716"}],"version-history":[{"count":0,"href":"https:\/\/www.claret.org\/es\/wp-json\/wp\/v2\/posts\/23716\/revisions"}],"wp:attachment":[{"href":"https:\/\/www.claret.org\/es\/wp-json\/wp\/v2\/media?parent=23716"}],"wp:term":[{"taxonomy":"category","embeddable":true,"href":"https:\/\/www.claret.org\/es\/wp-json\/wp\/v2\/categories?post=23716"},{"taxonomy":"post_tag","embeddable":true,"href":"https:\/\/www.claret.org\/es\/wp-json\/wp\/v2\/tags?post=23716"}],"curies":[{"name":"wp","href":"https:\/\/api.w.org\/{rel}","templated":true}]}}