{"id":24706,"date":"2017-07-15T22:48:25","date_gmt":"2017-07-15T20:48:25","guid":{"rendered":"https:\/\/www.claret.org\/iv-encuentro-sobre-proyectos-sociales-claretianos-en-europa\/"},"modified":"2017-07-15T22:48:25","modified_gmt":"2017-07-15T20:48:25","slug":"iv-encuentro-sobre-proyectos-sociales-claretianos-en-europa","status":"publish","type":"post","link":"https:\/\/www.claret.org\/es\/iv-encuentro-sobre-proyectos-sociales-claretianos-en-europa\/","title":{"rendered":"IV Encuentro sobre Proyectos Sociales Claretianos en Europa"},"content":{"rendered":"<div id=\"gt-res-content\">\n<div id=\"gt-res-dir-ctr\" class=\"trans-verified-button-small\" dir=\"ltr\"><span id=\"result_box\" class=\"\" lang=\"en\"><strong><span class=\"\">Bilbao, Espa\u00f1a.<\/span><\/strong> Del 11 al 14 de julio en el edificio \u00abClaret Enea\u00bb de la Plaza del Coraz\u00f3n de Mar\u00eda en Bilbao, y por cuarto a\u00f1o consecutivo, se reuni\u00f3 un grupo de misioneros claretianos y laicos (profesionales, voluntarios, miembros, etc.), mujeres y hombres de esta \u00e9poca, de diferentes plataformas: Casal Claret de Vic (Espa\u00f1a), Casa sul Pozzo Lecco (Italia), Lar Juvenil Carvalhos (Portugal), Sortarazi Bilbao, Claret Social Fondoa Bilbao. Por primera vez, la Provincia de B\u00e9tica se uni\u00f3 a la persona de Jos\u00e9 Antonio Ben\u00edtez.<\/span><\/div>\n<\/div>\n<p>Durante estos cuatro d\u00edas, los amigos de la Provincia de Euskal Herria propusieron un itinerario con momentos de reflexi\u00f3n alternados con la visita a los recintos de algunos proyectos sociales en Bilbao y con la presentaci\u00f3n de lugares significativos de una ciudad en transformaci\u00f3n. Los ojos de todos pudieron captar algunos elementos peculiares de este proceso de ciudadan\u00eda: la atenci\u00f3n a diferentes situaciones de exclusi\u00f3n social, la difusi\u00f3n de peque\u00f1os proyectos en diversos puntos de la ciudad, la construcci\u00f3n de una red que acompa\u00f1a el cambio de todos, la estrecha relaci\u00f3n con los servicios sociales p\u00fablicos a los que se vinculan las normas de financiaci\u00f3n y acceso, la renovaci\u00f3n de edificios que pasan de lugares institucionales y de celebraci\u00f3n a lugares de vida, la esencia y vida cotidiana de las relaciones con las personas de los barrios para que puedan sentirse como en casa.<\/p>\n<p>Todo esto no solo significa un instrumento organizacional, sino que es la traducci\u00f3n de una espiritualidad entendida como humanizaci\u00f3n que se realiza. En este aspecto de la espiritualidad, se abri\u00f3 una reflexi\u00f3n en el grupo sobre el retorno a la unidad, a la esencia de los seres humanos (palabras como&#8230; la propia vida, la capacidad de resistencia, la reducci\u00f3n del mal, el silencio, el cuidado de heridas, plenitud de vida) que precede a las afiliaciones religiosas, las diferentes espiritualidades (claretiana, jesuita, etc.) y que proviene de peque\u00f1as historias. Entre las pr\u00e1cticas compartidas, escuchar, una relaci\u00f3n de cordialidad, de comunicaci\u00f3n en libertad, la normalidad de las diferentes tradiciones religiosas en la b\u00fasqueda de sentido, la bendici\u00f3n de todos en todos.<\/p>\n<p>La cuesti\u00f3n importante es estar cerca, c\u00f3mo ser habitantes de las ciudades con otros hombres y mujeres que viven all\u00ed, y c\u00f3mo dialogar con ellos a partir de situaciones dif\u00edciles y opacas.<\/p>\n<p>El piso del edificio donde vivimos es el m\u00e1s elocuente de los claretianos de la Provincia de Euskal Herria: la transformaci\u00f3n de todo el edificio para obras sociales (comida, b\u00fasqueda de trabajo, protecci\u00f3n de los derechos, adquisici\u00f3n de documentos y de propiedad, etc.). La comunidad claretiana est\u00e1 incluida en la construcci\u00f3n y colabora sistem\u00e1ticamente con el laicado claretianos y con otras instancias e instituciones locales.<\/p>\n<div id=\"gt-res-content\">\n<div id=\"gt-res-dir-ctr\" class=\"trans-verified-button-small\" dir=\"ltr\">Este trabajo de a\u00f1os de investigaci\u00f3n, de apertura al futuro que cada una de las realidades presentes ha encarnado de manera singular en este territorio, ha encontrado reconocimiento en el documento claretiano \u00abCon los excluidos\u00bb elaborado por los representantes de la futura Provincia que incluye Italia, Euskal Herria, Catalunya, Francia. \u00c9ste es un documento significativo que atestigua un proceso de cambio de pensamiento, una profec\u00eda colectiva de laicos y misioneros que est\u00e1 madurando en el signo del Evangelio.<\/div>\n<\/div>\n<p>La redacci\u00f3n de un texto narrativo que relate y ofrezca elementos de comprensi\u00f3n de la experiencia de estos a\u00f1os es el compromiso propuesto para los pr\u00f3ximos meses. El itinerario contin\u00faa: la pr\u00f3xima reuni\u00f3n ser\u00e1 en Vic (Espa\u00f1a) en Casal Claret del 10 al 13 de julio de 2018.<\/p>\n","protected":false},"excerpt":{"rendered":"<p>Bilbao, Espa\u00f1a. Del 11 al 14 de julio en el edificio \u00abClaret Enea\u00bb de la Plaza del Coraz\u00f3n de Mar\u00eda en Bilbao, y por cuarto a\u00f1o consecutivo, se reuni\u00f3 un grupo de misioneros claretianos y laicos (profesionales, voluntarios, miembros, etc.), mujeres y hombres de esta \u00e9poca, de diferentes plataformas: Casal Claret de Vic (Espa\u00f1a), Casa [&hellip;]<\/p>\n","protected":false},"author":1,"featured_media":13102,"comment_status":"closed","ping_status":"closed","sticky":false,"template":"","format":"standard","meta":{"_et_pb_use_builder":"","_et_pb_old_content":"","_et_gb_content_width":"","footnotes":""},"categories":[320,291,281,296,316,304,608,322,445],"tags":[],"class_list":["post-24706","post","type-post","status-publish","format-standard","has-post-thumbnail","hentry","category-betica-es","category-catalunya-es","category-ecla-es","category-euskal-herria-es","category-fatima-es","category-italia-es","category-mision-viva","category-portugal-es","category-solidaridad-y-mision"],"jetpack_featured_media_url":"https:\/\/i0.wp.com\/www.claret.org\/wp-content\/uploads\/2018\/03\/img_3171.jpg?fit=1200%2C900&ssl=1","jetpack_sharing_enabled":true,"jetpack_shortlink":"https:\/\/wp.me\/pdaBmi-6qu","jetpack_likes_enabled":true,"_links":{"self":[{"href":"https:\/\/www.claret.org\/es\/wp-json\/wp\/v2\/posts\/24706","targetHints":{"allow":["GET"]}}],"collection":[{"href":"https:\/\/www.claret.org\/es\/wp-json\/wp\/v2\/posts"}],"about":[{"href":"https:\/\/www.claret.org\/es\/wp-json\/wp\/v2\/types\/post"}],"author":[{"embeddable":true,"href":"https:\/\/www.claret.org\/es\/wp-json\/wp\/v2\/users\/1"}],"replies":[{"embeddable":true,"href":"https:\/\/www.claret.org\/es\/wp-json\/wp\/v2\/comments?post=24706"}],"version-history":[{"count":0,"href":"https:\/\/www.claret.org\/es\/wp-json\/wp\/v2\/posts\/24706\/revisions"}],"wp:featuredmedia":[{"embeddable":true,"href":"https:\/\/www.claret.org\/es\/wp-json\/wp\/v2\/media\/13102"}],"wp:attachment":[{"href":"https:\/\/www.claret.org\/es\/wp-json\/wp\/v2\/media?parent=24706"}],"wp:term":[{"taxonomy":"category","embeddable":true,"href":"https:\/\/www.claret.org\/es\/wp-json\/wp\/v2\/categories?post=24706"},{"taxonomy":"post_tag","embeddable":true,"href":"https:\/\/www.claret.org\/es\/wp-json\/wp\/v2\/tags?post=24706"}],"curies":[{"name":"wp","href":"https:\/\/api.w.org\/{rel}","templated":true}]}}