{"id":25307,"date":"2018-07-31T12:07:44","date_gmt":"2018-07-31T10:07:44","guid":{"rendered":"https:\/\/www.claret.org\/lanzamiento-del-programa-de-verano-de-ibicla-sobre-sagradas-escrituras\/"},"modified":"2018-07-31T12:38:19","modified_gmt":"2018-07-31T10:38:19","slug":"lanzamiento-del-programa-de-verano-de-ibicla-sobre-sagradas-escrituras","status":"publish","type":"post","link":"https:\/\/www.claret.org\/es\/lanzamiento-del-programa-de-verano-de-ibicla-sobre-sagradas-escrituras\/","title":{"rendered":"Lanzamiento del Programa de Verano de IBICLA sobre las Sagradas Escrituras"},"content":{"rendered":"<p><strong>Chicago, USA.<\/strong> La inauguraci\u00f3n del programa de verano sobre Sagrada Escritura del <em>Instituto B\u00edblico Claretiano de las Am\u00e9ricas<\/em> (IBICLA) se llev\u00f3 a cabo el 30 de julio de 2018 en la Catholic Theological Union en Chicago con 13 estudiantes de San Jos\u00e9, Fresno, Atlanta, Springfield, Indian\u00e1polis, Chicago &#8211; Estados Unidos y una persona de Panam\u00e1. Tres profesores imparten los siguientes cursos: Manuel Villalobos (Introducci\u00f3n al Antiguo Testamento y Marcos), Ricardo L\u00f3pez (Pentateuco), Sandra Mansilla de Argentina (Introducci\u00f3n al Nuevo Testamento).<\/p>\n<p>El curso, dedicado al estudio diligente de la Palabra de Dios, se desarrolla durante dos semanas consecutivas. Las tardes, de 7:00 p.m. a 9:30 p.m., en uni\u00f3n con los estudiantes de la <em>Escuela B\u00edblica de Chicago<\/em>, se dedican a trabajos grupales con el fin de elaborar material pastoral.<\/p>\n<p><strong>P\u00e1gina Web:<\/strong> <a href=\"https:\/\/www.ibicla.org\" target=\"_blank\" rel=\"noopener nofollow\">https:\/\/www.ibicla.org<\/a><\/p>\n","protected":false},"excerpt":{"rendered":"<p>Chicago, USA. La inauguraci\u00f3n del programa de verano sobre Sagrada Escritura del Instituto B\u00edblico Claretiano de las Am\u00e9ricas (IBICLA) se llev\u00f3 a cabo el 30 de julio de 2018 en la Catholic Theological Union en Chicago con 13 estudiantes de San Jos\u00e9, Fresno, Atlanta, Springfield, Indian\u00e1polis, Chicago &#8211; Estados Unidos y una persona de Panam\u00e1. [&hellip;]<\/p>\n","protected":false},"author":2,"featured_media":25293,"comment_status":"closed","ping_status":"closed","sticky":false,"template":"","format":"standard","meta":{"_et_pb_use_builder":"","_et_pb_old_content":"","_et_gb_content_width":"","footnotes":""},"categories":[356,412],"tags":[],"class_list":["post-25307","post","type-post","status-publish","format-standard","has-post-thumbnail","hentry","category-micla-es","category-pastoral-biblica"],"jetpack_featured_media_url":"https:\/\/i0.wp.com\/www.claret.org\/wp-content\/uploads\/2018\/07\/foto-ibicla_Francis.jpg?fit=1600%2C777&ssl=1","jetpack_sharing_enabled":true,"jetpack_shortlink":"https:\/\/wp.me\/pdaBmi-6Ab","jetpack_likes_enabled":true,"_links":{"self":[{"href":"https:\/\/www.claret.org\/es\/wp-json\/wp\/v2\/posts\/25307","targetHints":{"allow":["GET"]}}],"collection":[{"href":"https:\/\/www.claret.org\/es\/wp-json\/wp\/v2\/posts"}],"about":[{"href":"https:\/\/www.claret.org\/es\/wp-json\/wp\/v2\/types\/post"}],"author":[{"embeddable":true,"href":"https:\/\/www.claret.org\/es\/wp-json\/wp\/v2\/users\/2"}],"replies":[{"embeddable":true,"href":"https:\/\/www.claret.org\/es\/wp-json\/wp\/v2\/comments?post=25307"}],"version-history":[{"count":0,"href":"https:\/\/www.claret.org\/es\/wp-json\/wp\/v2\/posts\/25307\/revisions"}],"wp:featuredmedia":[{"embeddable":true,"href":"https:\/\/www.claret.org\/es\/wp-json\/wp\/v2\/media\/25293"}],"wp:attachment":[{"href":"https:\/\/www.claret.org\/es\/wp-json\/wp\/v2\/media?parent=25307"}],"wp:term":[{"taxonomy":"category","embeddable":true,"href":"https:\/\/www.claret.org\/es\/wp-json\/wp\/v2\/categories?post=25307"},{"taxonomy":"post_tag","embeddable":true,"href":"https:\/\/www.claret.org\/es\/wp-json\/wp\/v2\/tags?post=25307"}],"curies":[{"name":"wp","href":"https:\/\/api.w.org\/{rel}","templated":true}]}}