{"id":25536,"date":"2018-08-07T00:50:03","date_gmt":"2018-08-06T22:50:03","guid":{"rendered":"https:\/\/www.claret.org\/7-agosto\/"},"modified":"2018-08-07T00:50:03","modified_gmt":"2018-08-06T22:50:03","slug":"7-agosto","status":"publish","type":"post","link":"https:\/\/www.claret.org\/es\/7-agosto\/","title":{"rendered":"7 Agosto"},"content":{"rendered":"<div class=\"field field-name-field-meditacion-cita-texto field-type-text-long field-label-hidden\">\n<div class=\"field-items\">\n<div class=\"field-item even\">[Mar\u00eda] es luna llena para los pecadores [a los] que alumbra en la noche del pecado, para que no caigan en el infierno. Es aurora para los reci\u00e9n convertidos, pues que con su auxilio se van apartando de las tinieblas del pecado y de sus ocasiones, y van creciendo de virtud en virtud como la luz de la madrugada. Es Mar\u00eda sol para los perfectos [a los] que ilumina con su especial gracia y los enfervoriza con su ardent\u00edsima caridad.<\/div>\n<\/div>\n<\/div>\n<div class=\"field field-name-field-meditacion-cita field-type-text field-label-hidden\">\n<div class=\"field-items\">\n<div class=\"field-item even\">Reglas de los Cl\u00e9rigos Seglares que viven en comunidad. Barcelona 1864, p. 3<\/div>\n<\/div>\n<\/div>\n<div class=\"titulo-meditacion\">\n<h2>PRESENCIA DE MAR\u00cdA EN LA VIDA CRISTIANA<\/h2>\n<\/div>\n<div class=\"field field-name-body field-type-text-with-summary field-label-hidden\">\n<div class=\"field-items\">\n<div class=\"field-item even\">\n<p>Mar\u00eda  supo muy bien lo que era vivir s\u00f3lo de la fe, fi\u00e1ndose de una promesa. Su hijo Jes\u00fas no tuvo una vida extraordinaria: vivi\u00f3 con ella unos 30 a\u00f1os, no se cas\u00f3, ni le dio nietos. Despu\u00e9s abandon\u00f3 Nazaret y fue de pueblo en pueblo anunciando el Reino de Dios. Jes\u00fas no ten\u00eda casa propia ni trabajo fijo. Mar\u00eda no entend\u00eda nada\u2026 \u00bfD\u00f3nde estaban las promesas de la Anunciaci\u00f3n? Y, despu\u00e9s, recordando las palabras del \u00c1ngel, \u00bfc\u00f3mo experimentar\u00eda ella el hecho de ver a su hijo muriendo en la cruz? \u00a1Qu\u00e9 dolor y soledad sentir\u00eda!<br \/>\nComo mujer creyente, confiaba, en medio de la incertidumbre y del dolor. Segu\u00eda diciendo a Dios \u201cH\u00e1gase\u201d. Y, como madre, guardaba en su coraz\u00f3n cada fragmento de la vida de Jes\u00fas, cada una de sus palabras&#8230; Y todo irradi\u00f3 luz con la Resurrecci\u00f3n. Desde la Anunciaci\u00f3n hasta la Pascua la vida de Mar\u00eda fue entrega y abandono total a Dios, con alegre esperanza, con valent\u00eda y compromiso. Por eso es llamada \u201cluna llena\u201d, \u201caurora\u201d, \u201csol\u201d\u2026<br \/>\nCuando nos sentimos perdidos, solos, temerosos, cuando nos invade el miedo de tal manera que no nos deja ver nada m\u00e1s, cuando la inseguridad y la duda se hacen due\u00f1os de nosotros, entonces es cuando la presencia de nuestra Madre nos reconforta.<br \/>\nMar\u00eda viene con su Luz para que veamos con mayor claridad, para dar colorido a nuestra vida, para que sepamos asumir con serenidad cualquier situaci\u00f3n o problema. Ella sabe de esperanza, ella tiene coraz\u00f3n de  madre y se conmueve al vernos sufrir, y tambi\u00e9n goza con nuestras alegr\u00edas. S\u00f3lo nos pide una cosa: \u201cHaced lo que \u00c9l os diga\u201d.<br \/>\n\u00bfAcudo a Mar\u00eda en momentos de dificultad? \u00bfQu\u00e9 actitud de Mar\u00eda me ayuda a vivir mejor mi propia experiencia de fe?<\/p>\n<\/div>\n<\/div>\n<\/div>\n<div class=\"field field-name-field-meditacion-compartir field-type-addthis field-label-hidden\">\n<div class=\"field-items\">\n<div class=\"field-item even\">\n<div class=\"addthis_toolbox addthis_default_style  \"><\/div>\n<\/div>\n<\/div>\n<\/div>\n","protected":false},"excerpt":{"rendered":"<p>[Mar\u00eda] es luna llena para los pecadores [a los] que alumbra en la noche del pecado, para que no caigan en el infierno. Es aurora para los reci\u00e9n convertidos, pues que con su auxilio se van apartando de las tinieblas del pecado y de sus ocasiones, y van creciendo de virtud en virtud como la [&hellip;]<\/p>\n","protected":false},"author":1,"featured_media":0,"comment_status":"closed","ping_status":"closed","sticky":false,"template":"","format":"standard","meta":{"_et_pb_use_builder":"","_et_pb_old_content":"","_et_gb_content_width":"","footnotes":""},"categories":[526],"tags":[],"class_list":["post-25536","post","type-post","status-publish","format-standard","hentry","category-claret-contigo"],"jetpack_featured_media_url":"","jetpack_sharing_enabled":true,"jetpack_shortlink":"https:\/\/wp.me\/pdaBmi-6DS","jetpack_likes_enabled":true,"_links":{"self":[{"href":"https:\/\/www.claret.org\/es\/wp-json\/wp\/v2\/posts\/25536","targetHints":{"allow":["GET"]}}],"collection":[{"href":"https:\/\/www.claret.org\/es\/wp-json\/wp\/v2\/posts"}],"about":[{"href":"https:\/\/www.claret.org\/es\/wp-json\/wp\/v2\/types\/post"}],"author":[{"embeddable":true,"href":"https:\/\/www.claret.org\/es\/wp-json\/wp\/v2\/users\/1"}],"replies":[{"embeddable":true,"href":"https:\/\/www.claret.org\/es\/wp-json\/wp\/v2\/comments?post=25536"}],"version-history":[{"count":0,"href":"https:\/\/www.claret.org\/es\/wp-json\/wp\/v2\/posts\/25536\/revisions"}],"wp:attachment":[{"href":"https:\/\/www.claret.org\/es\/wp-json\/wp\/v2\/media?parent=25536"}],"wp:term":[{"taxonomy":"category","embeddable":true,"href":"https:\/\/www.claret.org\/es\/wp-json\/wp\/v2\/categories?post=25536"},{"taxonomy":"post_tag","embeddable":true,"href":"https:\/\/www.claret.org\/es\/wp-json\/wp\/v2\/tags?post=25536"}],"curies":[{"name":"wp","href":"https:\/\/api.w.org\/{rel}","templated":true}]}}