{"id":28197,"date":"2018-09-05T00:01:23","date_gmt":"2018-09-04T22:01:23","guid":{"rendered":"https:\/\/www.claret.org\/ordenaciones-en-west-nigeria\/"},"modified":"2018-09-05T09:21:59","modified_gmt":"2018-09-05T07:21:59","slug":"ordenaciones-en-west-nigeria","status":"publish","type":"post","link":"https:\/\/www.claret.org\/es\/ordenaciones-en-west-nigeria\/","title":{"rendered":"Ordenaciones en West Nigeria"},"content":{"rendered":"<p><strong>Ibadan, Nigeria. <\/strong>A las 10 am del 2 de septiembre de 2018, el Reverend\u00edsimo Gabriel &#8216;Leke Abegunrin, Arzobispo Metropolitano de Ibadan, orden\u00f3 a nuestros hermanos de la Delegaci\u00f3n Independiente de West Nigeria &#8211; al Di\u00e1conono John Useni Gabriel, CMF, como Presb\u00edtero y a los EE. Philipmario Agada, Timothy Terlumun Amaku, Paul Eneojo Ameh, Jude Akaluzia Ofuani, CMFF, como Di\u00e1conos &#8211; en la Casa de Teolog\u00eda Claret, Elerumoke Ibadan.<\/p>\n<p>&nbsp;<\/p>\n<p>[envira-gallery id=\u00bb27916&#8243;]<\/p>\n<p>&nbsp;<\/p>\n<p>&nbsp;<\/p>\n","protected":false},"excerpt":{"rendered":"<p>Ibadan, Nigeria. A las 10 am del 2 de septiembre de 2018, el Reverend\u00edsimo Gabriel &#8216;Leke Abegunrin, Arzobispo Metropolitano de Ibadan, orden\u00f3 a nuestros hermanos de la Delegaci\u00f3n Independiente de West Nigeria &#8211; al Di\u00e1conono John Useni Gabriel, CMF, como Presb\u00edtero y a los EE. Philipmario Agada, Timothy Terlumun Amaku, Paul Eneojo Ameh, Jude Akaluzia [&hellip;]<\/p>\n","protected":false},"author":2,"featured_media":27922,"comment_status":"closed","ping_status":"closed","sticky":false,"template":"","format":"standard","meta":{"_et_pb_use_builder":"","_et_pb_old_content":"","_et_gb_content_width":"","footnotes":""},"categories":[984,573,189],"tags":[],"class_list":["post-28197","post","type-post","status-publish","format-standard","has-post-thumbnail","hentry","category-acla-es","category-ordenaciones","category-west-nigeria-es"],"jetpack_featured_media_url":"https:\/\/i0.wp.com\/www.claret.org\/wp-content\/uploads\/2018\/09\/Ordinations-in-West-Nigeria-09022018-1.jpg?fit=960%2C720&ssl=1","jetpack_sharing_enabled":true,"jetpack_shortlink":"https:\/\/wp.me\/pdaBmi-7kN","jetpack_likes_enabled":true,"_links":{"self":[{"href":"https:\/\/www.claret.org\/es\/wp-json\/wp\/v2\/posts\/28197","targetHints":{"allow":["GET"]}}],"collection":[{"href":"https:\/\/www.claret.org\/es\/wp-json\/wp\/v2\/posts"}],"about":[{"href":"https:\/\/www.claret.org\/es\/wp-json\/wp\/v2\/types\/post"}],"author":[{"embeddable":true,"href":"https:\/\/www.claret.org\/es\/wp-json\/wp\/v2\/users\/2"}],"replies":[{"embeddable":true,"href":"https:\/\/www.claret.org\/es\/wp-json\/wp\/v2\/comments?post=28197"}],"version-history":[{"count":0,"href":"https:\/\/www.claret.org\/es\/wp-json\/wp\/v2\/posts\/28197\/revisions"}],"wp:featuredmedia":[{"embeddable":true,"href":"https:\/\/www.claret.org\/es\/wp-json\/wp\/v2\/media\/27922"}],"wp:attachment":[{"href":"https:\/\/www.claret.org\/es\/wp-json\/wp\/v2\/media?parent=28197"}],"wp:term":[{"taxonomy":"category","embeddable":true,"href":"https:\/\/www.claret.org\/es\/wp-json\/wp\/v2\/categories?post=28197"},{"taxonomy":"post_tag","embeddable":true,"href":"https:\/\/www.claret.org\/es\/wp-json\/wp\/v2\/tags?post=28197"}],"curies":[{"name":"wp","href":"https:\/\/api.w.org\/{rel}","templated":true}]}}