{"id":29103,"date":"2018-09-10T19:18:06","date_gmt":"2018-09-10T17:18:06","guid":{"rendered":"https:\/\/www.claret.org\/xvii-asamblea-provincial-de-colombia-oriental-ecuador\/"},"modified":"2018-09-10T19:18:06","modified_gmt":"2018-09-10T17:18:06","slug":"xvii-asamblea-provincial-de-colombia-oriental-ecuador","status":"publish","type":"post","link":"https:\/\/www.claret.org\/es\/xvii-asamblea-provincial-de-colombia-oriental-ecuador\/","title":{"rendered":"XVII Asamblea Provincial de Colombia Oriental &#8211; Ecuador"},"content":{"rendered":"<p><strong>Bogot\u00e1, Colombia.<\/strong> En la noche del 9 de septiembre de 2018, antes de su XV Cap\u00edtulo Provincial, la Provincia de Colombia Oriental &#8211; Ecuador inici\u00f3 su XVI Asamblea Provincial. El primer d\u00eda fue dedicado a la revisi\u00f3n del Proyecto de Vida y Misi\u00f3n del Organismo. Es un motivo a\u00f1adido de alegr\u00eda la presencia del Padre General, Mathew Vattamattam, CMF, y de su Superior Provincial, el Padre. Jos\u00e9 Santos Torres Mu\u00f1oz, CMF.<\/p>\n<p>Los formandos est\u00e1n participando en la Asamblea, un signo visible de c\u00f3mo la fuerza joven da vitalidad y esperanza al proyecto misionero.<\/p>\n<p><img data-recalc-dims=\"1\" loading=\"lazy\" decoding=\"async\" class=\"alignnone size-full wp-image-29050\" src=\"https:\/\/i0.wp.com\/www.claret.org\/wp-content\/uploads\/2018\/09\/IMG_6704.jpg?resize=1080%2C720&#038;ssl=1\" alt=\"\" width=\"1080\" height=\"720\" title=\"\" srcset=\"https:\/\/i0.wp.com\/www.claret.org\/wp-content\/uploads\/2018\/09\/IMG_6704.jpg?w=1280&amp;ssl=1 1280w, https:\/\/i0.wp.com\/www.claret.org\/wp-content\/uploads\/2018\/09\/IMG_6704.jpg?resize=300%2C200&amp;ssl=1 300w, https:\/\/i0.wp.com\/www.claret.org\/wp-content\/uploads\/2018\/09\/IMG_6704.jpg?resize=768%2C512&amp;ssl=1 768w, https:\/\/i0.wp.com\/www.claret.org\/wp-content\/uploads\/2018\/09\/IMG_6704.jpg?resize=1024%2C683&amp;ssl=1 1024w, https:\/\/i0.wp.com\/www.claret.org\/wp-content\/uploads\/2018\/09\/IMG_6704.jpg?resize=1080%2C720&amp;ssl=1 1080w\" sizes=\"(max-width: 1080px) 100vw, 1080px\" \/><\/p>\n","protected":false},"excerpt":{"rendered":"<p>Bogot\u00e1, Colombia. En la noche del 9 de septiembre de 2018, antes de su XV Cap\u00edtulo Provincial, la Provincia de Colombia Oriental &#8211; Ecuador inici\u00f3 su XVI Asamblea Provincial. El primer d\u00eda fue dedicado a la revisi\u00f3n del Proyecto de Vida y Misi\u00f3n del Organismo. Es un motivo a\u00f1adido de alegr\u00eda la presencia del Padre [&hellip;]<\/p>\n","protected":false},"author":2,"featured_media":29049,"comment_status":"closed","ping_status":"closed","sticky":false,"template":"","format":"standard","meta":{"_et_pb_use_builder":"","_et_pb_old_content":"","_et_gb_content_width":"","footnotes":""},"categories":[378,356],"tags":[],"class_list":["post-29103","post","type-post","status-publish","format-standard","has-post-thumbnail","hentry","category-colombia-oriental-ecuador-es","category-micla-es"],"jetpack_featured_media_url":"https:\/\/i0.wp.com\/www.claret.org\/wp-content\/uploads\/2018\/09\/IMG_6700.jpg?fit=3456%2C2304&ssl=1","jetpack_sharing_enabled":true,"jetpack_shortlink":"https:\/\/wp.me\/pdaBmi-7zp","jetpack_likes_enabled":true,"_links":{"self":[{"href":"https:\/\/www.claret.org\/es\/wp-json\/wp\/v2\/posts\/29103","targetHints":{"allow":["GET"]}}],"collection":[{"href":"https:\/\/www.claret.org\/es\/wp-json\/wp\/v2\/posts"}],"about":[{"href":"https:\/\/www.claret.org\/es\/wp-json\/wp\/v2\/types\/post"}],"author":[{"embeddable":true,"href":"https:\/\/www.claret.org\/es\/wp-json\/wp\/v2\/users\/2"}],"replies":[{"embeddable":true,"href":"https:\/\/www.claret.org\/es\/wp-json\/wp\/v2\/comments?post=29103"}],"version-history":[{"count":0,"href":"https:\/\/www.claret.org\/es\/wp-json\/wp\/v2\/posts\/29103\/revisions"}],"wp:featuredmedia":[{"embeddable":true,"href":"https:\/\/www.claret.org\/es\/wp-json\/wp\/v2\/media\/29049"}],"wp:attachment":[{"href":"https:\/\/www.claret.org\/es\/wp-json\/wp\/v2\/media?parent=29103"}],"wp:term":[{"taxonomy":"category","embeddable":true,"href":"https:\/\/www.claret.org\/es\/wp-json\/wp\/v2\/categories?post=29103"},{"taxonomy":"post_tag","embeddable":true,"href":"https:\/\/www.claret.org\/es\/wp-json\/wp\/v2\/tags?post=29103"}],"curies":[{"name":"wp","href":"https:\/\/api.w.org\/{rel}","templated":true}]}}