{"id":29299,"date":"2018-09-13T20:32:30","date_gmt":"2018-09-13T18:32:30","guid":{"rendered":"https:\/\/www.claret.org\/p-josue-gonzalez-jaramillo-nuevo-superior-provincial-de-colombia-oriental-ecuador\/"},"modified":"2018-09-13T20:53:18","modified_gmt":"2018-09-13T18:53:18","slug":"p-josue-gonzalez-jaramillo-nuevo-superior-provincial-de-colombia-oriental-ecuador","status":"publish","type":"post","link":"https:\/\/www.claret.org\/es\/p-josue-gonzalez-jaramillo-nuevo-superior-provincial-de-colombia-oriental-ecuador\/","title":{"rendered":"P. Josu\u00e9 Gonz\u00e1lez Jaramillo: Nuevo Superior Provincial de Colombia Oriental &#8211; Ecuador"},"content":{"rendered":"<p><strong>Bogot\u00e1, Colombia.<\/strong> El 13 de septiembre de 2018, durante el XV Cap\u00edtulo Provincial de Colombia Oriental &#8211; Ecuador ha sido elegido como nuevo Superior Provincial del citado Organismo Mayor el  <strong>P. Josu\u00e9 Gonz\u00e1lez Jaramillo, CMF<\/strong>. El P. Josu\u00e9 naci\u00f3 el 2 de enero de 1962 en Bogot\u00e1, Colombia. Realiz\u00f3 su Primera Profesi\u00f3n el 23 de enero de 1983 y su Profesi\u00f3n Perpetua el 14 de enero de 1990. Fue ordenado sacerdote el 27 de diciembre de 1991.<\/p>\n","protected":false},"excerpt":{"rendered":"<p>Bogot\u00e1, Colombia. El 13 de septiembre de 2018, durante el XV Cap\u00edtulo Provincial de Colombia Oriental &#8211; Ecuador ha sido elegido como nuevo Superior Provincial del citado Organismo Mayor el P. Josu\u00e9 Gonz\u00e1lez Jaramillo, CMF. El P. Josu\u00e9 naci\u00f3 el 2 de enero de 1962 en Bogot\u00e1, Colombia. Realiz\u00f3 su Primera Profesi\u00f3n el 23 de [&hellip;]<\/p>\n","protected":false},"author":2,"featured_media":29294,"comment_status":"closed","ping_status":"closed","sticky":false,"template":"","format":"standard","meta":{"_et_pb_use_builder":"","_et_pb_old_content":"","_et_gb_content_width":"","footnotes":""},"categories":[378,356],"tags":[],"class_list":["post-29299","post","type-post","status-publish","format-standard","has-post-thumbnail","hentry","category-colombia-oriental-ecuador-es","category-micla-es"],"jetpack_featured_media_url":"https:\/\/i0.wp.com\/www.claret.org\/wp-content\/uploads\/2018\/09\/Josu%C3%A9-Gonz%C3%A1lez-Jaramillo.jpeg?fit=1600%2C1200&ssl=1","jetpack_sharing_enabled":true,"jetpack_shortlink":"https:\/\/wp.me\/pdaBmi-7Cz","jetpack_likes_enabled":true,"_links":{"self":[{"href":"https:\/\/www.claret.org\/es\/wp-json\/wp\/v2\/posts\/29299","targetHints":{"allow":["GET"]}}],"collection":[{"href":"https:\/\/www.claret.org\/es\/wp-json\/wp\/v2\/posts"}],"about":[{"href":"https:\/\/www.claret.org\/es\/wp-json\/wp\/v2\/types\/post"}],"author":[{"embeddable":true,"href":"https:\/\/www.claret.org\/es\/wp-json\/wp\/v2\/users\/2"}],"replies":[{"embeddable":true,"href":"https:\/\/www.claret.org\/es\/wp-json\/wp\/v2\/comments?post=29299"}],"version-history":[{"count":0,"href":"https:\/\/www.claret.org\/es\/wp-json\/wp\/v2\/posts\/29299\/revisions"}],"wp:featuredmedia":[{"embeddable":true,"href":"https:\/\/www.claret.org\/es\/wp-json\/wp\/v2\/media\/29294"}],"wp:attachment":[{"href":"https:\/\/www.claret.org\/es\/wp-json\/wp\/v2\/media?parent=29299"}],"wp:term":[{"taxonomy":"category","embeddable":true,"href":"https:\/\/www.claret.org\/es\/wp-json\/wp\/v2\/categories?post=29299"},{"taxonomy":"post_tag","embeddable":true,"href":"https:\/\/www.claret.org\/es\/wp-json\/wp\/v2\/tags?post=29299"}],"curies":[{"name":"wp","href":"https:\/\/api.w.org\/{rel}","templated":true}]}}