{"id":29386,"date":"2018-09-15T06:29:03","date_gmt":"2018-09-15T04:29:03","guid":{"rendered":"https:\/\/www.claret.org\/?p=29386"},"modified":"2018-09-15T06:39:39","modified_gmt":"2018-09-15T04:39:39","slug":"curso-online-de-gestion-economica","status":"publish","type":"post","link":"https:\/\/www.claret.org\/es\/curso-online-de-gestion-economica\/","title":{"rendered":"Curso online de gesti\u00f3n econ\u00f3mica"},"content":{"rendered":"<p><strong>Roma, Italia.<\/strong> El pasado 3 de septiembre dio comienzo el curso online sobre gesti\u00f3n econ\u00f3mica promovido desde la Prefectura de Econom\u00eda y organizado por la Universidad de Batatais. En realidad se trata de una segunda convocatoria despu\u00e9s de que en febrero comenzase una edici\u00f3n \u201cde prueba\u201d con un n\u00famero limitado de participantes.<\/p>\n<p>En este curso de un a\u00f1o, que corresponde al nivel llamado \u201cproped\u00e9utico\u201d, se han inscrito 120 participantes de casi todos los Organismos de la Congregaci\u00f3n, la mayor\u00eda de ellos misioneros claretianos pero tambi\u00e9n un buen n\u00famero de laicos. El curso, estructurado en dos semestres, se prolongar\u00e1 hasta junio de 2019.<\/p>\n<p>En meses sucesivos se har\u00e1n nuevas convocatorias (ya hay una lista de casi 80 participantes para la siguiente edici\u00f3n de marzo) y a partir de 2020 se ofrecer\u00e0 tambi\u00e9n el siguiente nivel, denominado \u201cb\u00e1sico\u201d.<\/p>\n","protected":false},"excerpt":{"rendered":"<p>Roma, Italia. El pasado 3 de septiembre dio comienzo el curso online sobre gesti\u00f3n econ\u00f3mica promovido desde la Prefectura de Econom\u00eda y organizado por la Universidad de Batatais. En realidad se trata de una segunda convocatoria despu\u00e9s de que en febrero comenzase una edici\u00f3n \u201cde prueba\u201d con un n\u00famero limitado de participantes. En este curso [&hellip;]<\/p>\n","protected":false},"author":2,"featured_media":29393,"comment_status":"closed","ping_status":"closed","sticky":false,"template":"","format":"standard","meta":{"_et_pb_use_builder":"","_et_pb_old_content":"","_et_gb_content_width":"","footnotes":""},"categories":[507,517],"tags":[],"class_list":["post-29386","post","type-post","status-publish","format-standard","has-post-thumbnail","hentry","category-economia","category-gobierno-general"],"jetpack_featured_media_url":"https:\/\/i0.wp.com\/www.claret.org\/wp-content\/uploads\/2018\/09\/online.jpg?fit=1280%2C853&ssl=1","jetpack_sharing_enabled":true,"jetpack_shortlink":"https:\/\/wp.me\/pdaBmi-7DY","jetpack_likes_enabled":true,"_links":{"self":[{"href":"https:\/\/www.claret.org\/es\/wp-json\/wp\/v2\/posts\/29386","targetHints":{"allow":["GET"]}}],"collection":[{"href":"https:\/\/www.claret.org\/es\/wp-json\/wp\/v2\/posts"}],"about":[{"href":"https:\/\/www.claret.org\/es\/wp-json\/wp\/v2\/types\/post"}],"author":[{"embeddable":true,"href":"https:\/\/www.claret.org\/es\/wp-json\/wp\/v2\/users\/2"}],"replies":[{"embeddable":true,"href":"https:\/\/www.claret.org\/es\/wp-json\/wp\/v2\/comments?post=29386"}],"version-history":[{"count":0,"href":"https:\/\/www.claret.org\/es\/wp-json\/wp\/v2\/posts\/29386\/revisions"}],"wp:featuredmedia":[{"embeddable":true,"href":"https:\/\/www.claret.org\/es\/wp-json\/wp\/v2\/media\/29393"}],"wp:attachment":[{"href":"https:\/\/www.claret.org\/es\/wp-json\/wp\/v2\/media?parent=29386"}],"wp:term":[{"taxonomy":"category","embeddable":true,"href":"https:\/\/www.claret.org\/es\/wp-json\/wp\/v2\/categories?post=29386"},{"taxonomy":"post_tag","embeddable":true,"href":"https:\/\/www.claret.org\/es\/wp-json\/wp\/v2\/tags?post=29386"}],"curies":[{"name":"wp","href":"https:\/\/api.w.org\/{rel}","templated":true}]}}