{"id":30432,"date":"2018-10-06T00:00:39","date_gmt":"2018-10-05T22:00:39","guid":{"rendered":"https:\/\/www.claret.org\/?p=30432"},"modified":"2018-10-06T00:00:39","modified_gmt":"2018-10-05T22:00:39","slug":"6-octubre","status":"publish","type":"post","link":"https:\/\/www.claret.org\/es\/6-octubre\/","title":{"rendered":"6 Octubre"},"content":{"rendered":"<div class=\"field field-name-field-meditacion-cita-texto field-type-text-long field-label-hidden\">\n<div class=\"field-items\">\n<div class=\"field-item even\">\u201cEl d\u00eda 6 de octubre de 1850, d\u00eda de S. Bruno, fundador de los cartujos, a cuya religi\u00f3n hab\u00eda deseado pertenecer (\u2026), fue mi consagraci\u00f3n [episcopal], juntamente con el S. D. Jaime Soler, obispo de Teruel, en la Catedral de Vich. Fue consagrante el Sr. Obispo de aquella Di\u00f3cesis, el Ilmo. Sr. D. Luciano Casadevall.\u00bb<\/div>\n<\/div>\n<\/div>\n<div class=\"field field-name-field-meditacion-cita field-type-text field-label-hidden\">\n<div class=\"field-items\">\n<div class=\"field-item even\">Aut 499<\/div>\n<\/div>\n<\/div>\n<div class=\"titulo-meditacion\">\n<h2>AUT\u00c9NTICA SUCESI\u00d3N APOST\u00d3LICA<\/h2>\n<\/div>\n<div class=\"field field-name-body field-type-text-with-summary field-label-hidden\">\n<div class=\"field-items\">\n<div class=\"field-item even\">\n<p>Consagraci\u00f3n episcopal de Claret.<br \/>\nA Claret la mitra de obispo le lleg\u00f3 de rebote; hab\u00edan intentado nombrar a otro, pero no acept\u00f3. Y le lleg\u00f3 tambi\u00e9n a contratiempo, pues acababa de fundar la Congregaci\u00f3n de Misioneros, y no mucho antes la Librer\u00eda Religiosa, y ambas le necesitaban para que guiase sus primeros pasos. Por eso tard\u00f3 dos meses en aceptar; finalmente lo hizo por obediencia a unas palabras taxativas de su obispo: \u201cresistir\u00e1 Ud. a la voluntad de Dios si su resoluci\u00f3n es negativa, por cuyo motivo (\u2026) le mando que acepte\u201d (Epist.Pasivo I, p. 75).<br \/>\nDurante los meses de discernimiento, muchos comprendieron las objeciones de Claret, la principal de las cuales era su vocaci\u00f3n misionera; de entrada, \u00e9l entendi\u00f3 que se le torc\u00eda el camino, y fue preciso trabajar por persuadirle. En una curiosa carta an\u00f3nima, que algunos consideran ap\u00f3crifa, de septiembre de 1849, se le dice: \u201cUsted cree que Cuba es un obispado, y, sin embargo, no es nada m\u00e1s que una misi\u00f3n; por eso mandamos all\u00ed un misionero. Res\u00edgnese, pues, Usted a dejar su bonete, al que profesa demasiado cari\u00f1o; pues ya sabe usted perfectamente que no es tan estrecha una mitra que no pueda moverse en ella la cabeza de un santo\u201d (Epist. Pasivo I, p. 73).<br \/>\nClaret sab\u00eda que un obispo es ante todo un sucesor de los ap\u00f3stoles, los cuales fueron seguidores e imitadores de Jes\u00fas y luego grandes misioneros. Y as\u00ed quiso organizarse \u00e9l. Ante todo se procur\u00f3 un equipo de sacerdotes y laicos, 13 personas en total, con los cuales llevar una cierta vida de comunidad y compartir la acci\u00f3n evangelizadora. No descuid\u00f3 los deberes administrativos o de gobierno, pero el acento lo puso en la predicaci\u00f3n, en la catequesis, en la atenci\u00f3n directa a aquellos fieles, privados de pastor hac\u00eda 14 a\u00f1os. En s\u00f3lo seis, \u00e9l realiz\u00f3 cuatro visitas \u201cmisioneras\u201d a aquella inmensa di\u00f3cesis (hoy dividida en 5).<br \/>\nLa inventiva de Claret supo recuperar el sentido originario del episcopado, dar vida a algo que \u00e9l ve\u00eda como anquilosado y envejecido. \u00bfSabemos nosotros sacar partido a las estructuras eclesiales, actualizarlas, para que sean aut\u00e9nticas plataformas de evangelizaci\u00f3n?<\/p>\n<\/div>\n<\/div>\n<\/div>\n","protected":false},"excerpt":{"rendered":"<p>\u201cEl d\u00eda 6 de octubre de 1850, d\u00eda de S. Bruno, fundador de los cartujos, a cuya religi\u00f3n hab\u00eda deseado pertenecer (\u2026), fue mi consagraci\u00f3n [episcopal], juntamente con el S. D. Jaime Soler, obispo de Teruel, en la Catedral de Vich. Fue consagrante el Sr. Obispo de aquella Di\u00f3cesis, el Ilmo. Sr. D. Luciano Casadevall.\u00bb [&hellip;]<\/p>\n","protected":false},"author":1,"featured_media":0,"comment_status":"closed","ping_status":"closed","sticky":false,"template":"","format":"standard","meta":{"_et_pb_use_builder":"","_et_pb_old_content":"","_et_gb_content_width":"","footnotes":""},"categories":[526],"tags":[],"class_list":["post-30432","post","type-post","status-publish","format-standard","hentry","category-claret-contigo"],"jetpack_featured_media_url":"","jetpack_sharing_enabled":true,"jetpack_shortlink":"https:\/\/wp.me\/pdaBmi-7UQ","jetpack_likes_enabled":true,"_links":{"self":[{"href":"https:\/\/www.claret.org\/es\/wp-json\/wp\/v2\/posts\/30432","targetHints":{"allow":["GET"]}}],"collection":[{"href":"https:\/\/www.claret.org\/es\/wp-json\/wp\/v2\/posts"}],"about":[{"href":"https:\/\/www.claret.org\/es\/wp-json\/wp\/v2\/types\/post"}],"author":[{"embeddable":true,"href":"https:\/\/www.claret.org\/es\/wp-json\/wp\/v2\/users\/1"}],"replies":[{"embeddable":true,"href":"https:\/\/www.claret.org\/es\/wp-json\/wp\/v2\/comments?post=30432"}],"version-history":[{"count":0,"href":"https:\/\/www.claret.org\/es\/wp-json\/wp\/v2\/posts\/30432\/revisions"}],"wp:attachment":[{"href":"https:\/\/www.claret.org\/es\/wp-json\/wp\/v2\/media?parent=30432"}],"wp:term":[{"taxonomy":"category","embeddable":true,"href":"https:\/\/www.claret.org\/es\/wp-json\/wp\/v2\/categories?post=30432"},{"taxonomy":"post_tag","embeddable":true,"href":"https:\/\/www.claret.org\/es\/wp-json\/wp\/v2\/tags?post=30432"}],"curies":[{"name":"wp","href":"https:\/\/api.w.org\/{rel}","templated":true}]}}