{"id":30671,"date":"2018-10-13T00:00:00","date_gmt":"2018-10-12T22:00:00","guid":{"rendered":"https:\/\/www.claret.org\/?p=30671"},"modified":"2018-10-13T00:00:00","modified_gmt":"2018-10-12T22:00:00","slug":"13-octubre","status":"publish","type":"post","link":"https:\/\/www.claret.org\/es\/13-octubre\/","title":{"rendered":"13 Octubre"},"content":{"rendered":"<div class=\"field field-name-field-meditacion-cita-texto field-type-text-long field-label-hidden\">\n<div class=\"field-items\">\n<div class=\"field-item even\">\u201cLa ignorancia en materia de Religi\u00f3n es hoy en d\u00eda mucha, casi general; y lo peor es que son much\u00edsimos los que se complacen en ella. Prefieren las tinieblas a la luz; m\u00e1s quieren los vicios que las virtudes, y engolosinados por los deleites groseros que tienen a la vista, no hacen caso ni quieren hacerlo de los goces del cielo que el Se\u00f1or les tiene prometidos y preparados si creen y obran como \u00e9l les manda.\u201d<\/div>\n<\/div>\n<\/div>\n<div class=\"field field-name-field-meditacion-cita field-type-text field-label-hidden\">\n<div class=\"field-items\">\n<div class=\"field-item even\">El ferrocarril. Barcelona 1857, p. 79<\/div>\n<\/div>\n<\/div>\n<div class=\"titulo-meditacion\">\n<h2>LA SEDUCCI\u00d3N DEL MAL<\/h2>\n<\/div>\n<div class=\"field field-name-body field-type-text-with-summary field-label-hidden\">\n<div class=\"field-items\">\n<div class=\"field-item even\">\n<p>Contin\u00faa cantando, aunque sin el \u00e9xito de otros tiempos. Tampoco su vida parece haber seguido mucho los principios de justicia e igualdad que otrora defend\u00eda a voces, pero ah\u00ed est\u00e1 su canci\u00f3n: \u201c\u00a1d\u00e9jame en paz, que no me quiero salvar, que en el infierno no estoy tan mal!\u201d. Sus palabras sonaban &#8211; y suenan &#8211; fuertes.\u00bfQu\u00e9 dir\u00eda hoy Claret, si ya en su tiempo le escandalizaba la ignorancia en materia religiosa. Una ignorancia en la que &#8211; como \u00e9l insin\u00faa &#8211; hay mucha irresponsabilidad y deliberaci\u00f3n. Pero tambi\u00e9n es verdad, y el Concilio Vaticano II lo record\u00f3 expresa y solemnemente, que esa ignorancia y ese desapego tienen que ver a menudo con la incoherencia y el mal ejemplo de los bautizados.La evoluci\u00f3n de muchas sociedades ha ido permitiendo que cada uno pueda elegir con qui\u00e9n hacer el camino de la vida. Llegamos a la conclusi\u00f3n de que hay compa\u00f1\u00edas que nos sobran. Otras, sin embargo, nos atraen intensamente. Recordamos a menudo que Jes\u00fas nos invit\u00f3 a ser sencillos como las palomas, pero olvidamos tal vez que nos exhort\u00f3 tambi\u00e9n a cultivar la astucia de las serpientes. Una frase dicha por Claret en el siglo XIX suena muy actual en el XXI: \u201cel sacerdote que trabaja sin mansedumbre sirve al diablo y no a Jesucristo. (\u2026) No pocas veces el mal genio o la ira o falta de mansedumbre se encubren con la m\u00e1scara del celo\u201d (Aut 376). Alguien vino a decir despu\u00e9s: \u201cla letra con sangre entra, pero no del que aprende sino del que ense\u00f1a\u201d.Ah\u00ed queda eso. Ayudemos a la gente a ser responsable de sus actos, a asumir las consecuencias de decir s\u00ed o no a la Palabra de Dios y a las cruces de sus hermanos; pero aguantemos tambi\u00e9n nuestra vela: para con Dios, coraz\u00f3n de hijo; para con nosotros mismos, coraz\u00f3n de juez; para con el pr\u00f3jimo, coraz\u00f3n de madre.\u00bfQu\u00e9 reacci\u00f3n provoca en ti la opci\u00f3n de tantas personas por la increencia, el desinter\u00e9s por lo religioso? \u00bfQu\u00e9 ofreces a quienes no comparten nuestra fe?<\/p>\n<\/div>\n<\/div>\n<\/div>\n","protected":false},"excerpt":{"rendered":"<p>\u201cLa ignorancia en materia de Religi\u00f3n es hoy en d\u00eda mucha, casi general; y lo peor es que son much\u00edsimos los que se complacen en ella. Prefieren las tinieblas a la luz; m\u00e1s quieren los vicios que las virtudes, y engolosinados por los deleites groseros que tienen a la vista, no hacen caso ni quieren [&hellip;]<\/p>\n","protected":false},"author":1,"featured_media":0,"comment_status":"closed","ping_status":"closed","sticky":false,"template":"","format":"standard","meta":{"_et_pb_use_builder":"","_et_pb_old_content":"","_et_gb_content_width":"","footnotes":""},"categories":[526],"tags":[],"class_list":["post-30671","post","type-post","status-publish","format-standard","hentry","category-claret-contigo"],"jetpack_featured_media_url":"","jetpack_sharing_enabled":true,"jetpack_shortlink":"https:\/\/wp.me\/pdaBmi-7YH","jetpack_likes_enabled":true,"_links":{"self":[{"href":"https:\/\/www.claret.org\/es\/wp-json\/wp\/v2\/posts\/30671","targetHints":{"allow":["GET"]}}],"collection":[{"href":"https:\/\/www.claret.org\/es\/wp-json\/wp\/v2\/posts"}],"about":[{"href":"https:\/\/www.claret.org\/es\/wp-json\/wp\/v2\/types\/post"}],"author":[{"embeddable":true,"href":"https:\/\/www.claret.org\/es\/wp-json\/wp\/v2\/users\/1"}],"replies":[{"embeddable":true,"href":"https:\/\/www.claret.org\/es\/wp-json\/wp\/v2\/comments?post=30671"}],"version-history":[{"count":0,"href":"https:\/\/www.claret.org\/es\/wp-json\/wp\/v2\/posts\/30671\/revisions"}],"wp:attachment":[{"href":"https:\/\/www.claret.org\/es\/wp-json\/wp\/v2\/media?parent=30671"}],"wp:term":[{"taxonomy":"category","embeddable":true,"href":"https:\/\/www.claret.org\/es\/wp-json\/wp\/v2\/categories?post=30671"},{"taxonomy":"post_tag","embeddable":true,"href":"https:\/\/www.claret.org\/es\/wp-json\/wp\/v2\/tags?post=30671"}],"curies":[{"name":"wp","href":"https:\/\/api.w.org\/{rel}","templated":true}]}}