{"id":30684,"date":"2018-10-14T00:00:15","date_gmt":"2018-10-13T22:00:15","guid":{"rendered":"https:\/\/www.claret.org\/?p=30684"},"modified":"2018-10-14T00:00:15","modified_gmt":"2018-10-13T22:00:15","slug":"14-octubre","status":"publish","type":"post","link":"https:\/\/www.claret.org\/es\/14-octubre\/","title":{"rendered":"14 Octubre"},"content":{"rendered":"<div class=\"field field-name-field-meditacion-cita-texto field-type-text-long field-label-hidden\">\n<div class=\"field-items\">\n<div class=\"field-item even\">\u201cMe ocupar\u00e9 en alabanzas de Dios, de Mar\u00eda Sant\u00edsima y de los santos, como son oraciones y devociones, y procurar\u00e9 exhortar al pr\u00f3jimo en la virtud.\u201d<\/div>\n<\/div>\n<\/div>\n<div class=\"field field-name-field-meditacion-cita field-type-text field-label-hidden\">\n<div class=\"field-items\">\n<div class=\"field-item even\">Explicaci\u00f3n de la Paloma [=Resumen de los principales documentos\u2026]. Barcelona 1848; p. 24<\/div>\n<\/div>\n<\/div>\n<div class=\"titulo-meditacion\">\n<h2>ORACI\u00d3N CONSTANTE<\/h2>\n<\/div>\n<div class=\"field field-name-body field-type-text-with-summary field-label-hidden\">\n<div class=\"field-items\">\n<div class=\"field-item even\">\n<p>Nos separa m\u00e1s de un siglo. Parece incre\u00edble que Claret percibiera con tanta perspicacia qu\u00e9 ritmos de vida \u00edbamos a llevar hoy. De ah\u00ed su empe\u00f1o en alumbrar materiales que entregar a los cristianos, sobre todo a los seglares, que les ayuden a volver a la vida normal tras experiencias intensas como unos ejercicios espirituales. \u00bfC\u00f3mo sostener en el frenes\u00ed de la vida de cada d\u00eda los buenos prop\u00f3sitos de esos tiempos m\u00e1s dedicados al encuentro con el Padre?Hoy nos enviamos mensajes breves por ordenador y por tel\u00e9fono m\u00f3vil en sus formas cada d\u00eda m\u00e1s sofisticadas. Los genios de la publicidad buscan expresiones que impacten y se graben bien. Claret une sus mensajes a un dibujo para facilitar su comprensi\u00f3n, y los ordena de modo que a cada uno le siguen dos o tres consejos pr\u00e1cticos. Por si fuera poco, nos propone ideas breves a las que volver dos o tres veces al d\u00eda y pone ejemplos para que sepamos organizarnos.Este pensamiento se incluye en lo que llama \u2018examen particular del amor de Dios\u2019: \u00bfc\u00f3mo tener presente ese amor durante todo el d\u00eda? Claret propone tres claves: lo que se dice, lo que se hace, lo que se sufre. Invita a huir de toda palabra que pueda ofender a Dios o al pr\u00f3jimo, y a tener siempre presente alguna oraci\u00f3n breve \u2013\u201cjaculatoria\u201d- que nos mantenga en di\u00e1logo constante con el Se\u00f1or. A esas oraciones y alabanzas se refiere el texto. Como el cuerpo -comenta-, tambi\u00e9n el alma necesita respirar; cabe repartir esas oraciones durante el d\u00eda: al iniciar la jornada, al concluirla, al desplazarse, al sentarse a comer, al iniciar o acabar una tarea\u2026 A los hombres y mujeres del siglo XXI nos har\u00e1 bien que nuestro esp\u00edritu respire como el de Claret.\u00bfHay algo de esto en tu vida? \u00bfTienes alg\u00fan h\u00e1bito que te permita sentir cerca a Dios durante la jornada? \u00bfHaces algo para que \u00c9l pueda hablarte?<\/p>\n<\/div>\n<\/div>\n<\/div>\n","protected":false},"excerpt":{"rendered":"<p>\u201cMe ocupar\u00e9 en alabanzas de Dios, de Mar\u00eda Sant\u00edsima y de los santos, como son oraciones y devociones, y procurar\u00e9 exhortar al pr\u00f3jimo en la virtud.\u201d Explicaci\u00f3n de la Paloma [=Resumen de los principales documentos\u2026]. Barcelona 1848; p. 24 ORACI\u00d3N CONSTANTE Nos separa m\u00e1s de un siglo. Parece incre\u00edble que Claret percibiera con tanta perspicacia [&hellip;]<\/p>\n","protected":false},"author":1,"featured_media":0,"comment_status":"closed","ping_status":"closed","sticky":false,"template":"","format":"standard","meta":{"_et_pb_use_builder":"","_et_pb_old_content":"","_et_gb_content_width":"","footnotes":""},"categories":[526],"tags":[],"class_list":["post-30684","post","type-post","status-publish","format-standard","hentry","category-claret-contigo"],"jetpack_featured_media_url":"","jetpack_sharing_enabled":true,"jetpack_shortlink":"https:\/\/wp.me\/pdaBmi-7YU","jetpack_likes_enabled":true,"_links":{"self":[{"href":"https:\/\/www.claret.org\/es\/wp-json\/wp\/v2\/posts\/30684","targetHints":{"allow":["GET"]}}],"collection":[{"href":"https:\/\/www.claret.org\/es\/wp-json\/wp\/v2\/posts"}],"about":[{"href":"https:\/\/www.claret.org\/es\/wp-json\/wp\/v2\/types\/post"}],"author":[{"embeddable":true,"href":"https:\/\/www.claret.org\/es\/wp-json\/wp\/v2\/users\/1"}],"replies":[{"embeddable":true,"href":"https:\/\/www.claret.org\/es\/wp-json\/wp\/v2\/comments?post=30684"}],"version-history":[{"count":0,"href":"https:\/\/www.claret.org\/es\/wp-json\/wp\/v2\/posts\/30684\/revisions"}],"wp:attachment":[{"href":"https:\/\/www.claret.org\/es\/wp-json\/wp\/v2\/media?parent=30684"}],"wp:term":[{"taxonomy":"category","embeddable":true,"href":"https:\/\/www.claret.org\/es\/wp-json\/wp\/v2\/categories?post=30684"},{"taxonomy":"post_tag","embeddable":true,"href":"https:\/\/www.claret.org\/es\/wp-json\/wp\/v2\/tags?post=30684"}],"curies":[{"name":"wp","href":"https:\/\/api.w.org\/{rel}","templated":true}]}}