{"id":30694,"date":"2018-10-15T00:00:02","date_gmt":"2018-10-14T22:00:02","guid":{"rendered":"https:\/\/www.claret.org\/?p=30694"},"modified":"2018-10-15T00:00:02","modified_gmt":"2018-10-14T22:00:02","slug":"15-octubre","status":"publish","type":"post","link":"https:\/\/www.claret.org\/es\/15-octubre\/","title":{"rendered":"15 Octubre"},"content":{"rendered":"<div class=\"field field-name-field-meditacion-cita-texto field-type-text-long field-label-hidden\">\n<div class=\"field-items\">\n<div class=\"field-item even\">\u201cJes\u00fas se vali\u00f3 del burrico cuando quiso entrar triunfante en Jerusal\u00e9n. Yo tambi\u00e9n me ofrezco gustoso a Jes\u00fas, por si se quiere valer de m\u00ed para entrar triunfante de los enemigos\u2026; con el bien entendido [sic!] que los honores y alabanzas que me tributen, pensar\u00e9 que no son para m\u00ed, que soy el burrico, sino para Jes\u00fas, cuya dignidad, aunque indigno, llevo.\u201d<\/div>\n<\/div>\n<\/div>\n<div class=\"field field-name-field-meditacion-cita field-type-text field-label-hidden\">\n<div class=\"field-items\">\n<div class=\"field-item even\">Aut 669<\/div>\n<\/div>\n<\/div>\n<div class=\"titulo-meditacion\">\n<h2>HUMILDAD EVANG\u00c9LICA<\/h2>\n<\/div>\n<div class=\"field field-name-body field-type-text-with-summary field-label-hidden\">\n<div class=\"field-items\">\n<div class=\"field-item even\">\n<p>Este tipo de pensamiento puede mantenernos sin grandes esfuerzos en la necesaria humildad. Sufrimos un gran enga\u00f1o cuando nos subimos a la tarima para mirar hacia abajo a los dem\u00e1s, crey\u00e9ndonos las alabanzas o reconocimientos que nos tributan, sin pasarlos por la criba de la humildad. Es sabio y prudente acertar a valorar cu\u00e1nto pesamos en la balanza de la opini\u00f3n social, pero es insensato creer todo lo que nos dicen cuando nos ensalzan. \u00a1Tantas veces se cumple el viejo refr\u00e1n: \u201cNo por ti sino por el pan, mueve la cola el can\u201d!El papa Pio XII, con ocasi\u00f3n de su canonizaci\u00f3n (el 7 de mayo de 1950), afirm\u00f3 de San Antonio Mar\u00eda Claret: \u201cPudo ser humilde de origen y glorioso a los ojos del mundo. De apariencia modesta, pero capac\u00edsimo de imponer respeto incluso a los grandes de la tierra\u201d. En efecto, Claret fue elevado a una posici\u00f3n dir\u00edamos \u201csocial\u201d que muchos eclesi\u00e1sticos considerar\u00edan como un privilegio: junto a los grandes de la tierra, en proximidad a los Reyes de la naci\u00f3n, con enorme influencia en el nombramiento de obispos, gestionando grandes instituciones (v. gr. El Escorial). Pero \u00e9l no lo ve\u00eda as\u00ed. No lo busc\u00f3; lo rehuy\u00f3. Reiteradas veces intent\u00f3 sacudirse de encima tan pesada carga&#8230;\u00c9l era consciente de no ser sino un instrumento en manos de Dios. Empleaba la imagen del \u201cburrico\u201d, evocando la entrada de Jes\u00fas en Jerusal\u00e9n, aclamado triunfalmente cuando se aproximaba su humillaci\u00f3n m\u00e1s estrepitosa: su muerte en cruz. Claret, con frecuencia aclamado por las multitudes, con frecuencia tambi\u00e9n calumniado y perseguido, manten\u00eda un esp\u00edritu humilde y ecu\u00e1nime. Las alabanzas las atribu\u00eda a Jes\u00fas, al que portaba en todo su actuar misionero. Las fuertes contrariedades las asum\u00eda con paciente talante, identificado con Cristo.\u00bfT\u00fa buscas protagonismo o m\u00e1s bien eres instrumento de Dios mediante las actividades que realizas, y a trav\u00e9s de tus relaciones con la gente, en la familia, etc?<\/p>\n<\/div>\n<\/div>\n<\/div>\n<div class=\"field field-name-field-meditacion-compartir field-type-addthis field-label-hidden\">\n<div class=\"field-items\">\n<div class=\"field-item even\">\n<div class=\"addthis_toolbox addthis_default_style  \"><\/div>\n<\/div>\n<\/div>\n<\/div>\n","protected":false},"excerpt":{"rendered":"<p>\u201cJes\u00fas se vali\u00f3 del burrico cuando quiso entrar triunfante en Jerusal\u00e9n. Yo tambi\u00e9n me ofrezco gustoso a Jes\u00fas, por si se quiere valer de m\u00ed para entrar triunfante de los enemigos\u2026; con el bien entendido [sic!] que los honores y alabanzas que me tributen, pensar\u00e9 que no son para m\u00ed, que soy el burrico, sino [&hellip;]<\/p>\n","protected":false},"author":1,"featured_media":0,"comment_status":"closed","ping_status":"closed","sticky":false,"template":"","format":"standard","meta":{"_et_pb_use_builder":"","_et_pb_old_content":"","_et_gb_content_width":"","footnotes":""},"categories":[526],"tags":[],"class_list":["post-30694","post","type-post","status-publish","format-standard","hentry","category-claret-contigo"],"jetpack_featured_media_url":"","jetpack_sharing_enabled":true,"jetpack_shortlink":"https:\/\/wp.me\/pdaBmi-7Z4","jetpack_likes_enabled":true,"_links":{"self":[{"href":"https:\/\/www.claret.org\/es\/wp-json\/wp\/v2\/posts\/30694","targetHints":{"allow":["GET"]}}],"collection":[{"href":"https:\/\/www.claret.org\/es\/wp-json\/wp\/v2\/posts"}],"about":[{"href":"https:\/\/www.claret.org\/es\/wp-json\/wp\/v2\/types\/post"}],"author":[{"embeddable":true,"href":"https:\/\/www.claret.org\/es\/wp-json\/wp\/v2\/users\/1"}],"replies":[{"embeddable":true,"href":"https:\/\/www.claret.org\/es\/wp-json\/wp\/v2\/comments?post=30694"}],"version-history":[{"count":0,"href":"https:\/\/www.claret.org\/es\/wp-json\/wp\/v2\/posts\/30694\/revisions"}],"wp:attachment":[{"href":"https:\/\/www.claret.org\/es\/wp-json\/wp\/v2\/media?parent=30694"}],"wp:term":[{"taxonomy":"category","embeddable":true,"href":"https:\/\/www.claret.org\/es\/wp-json\/wp\/v2\/categories?post=30694"},{"taxonomy":"post_tag","embeddable":true,"href":"https:\/\/www.claret.org\/es\/wp-json\/wp\/v2\/tags?post=30694"}],"curies":[{"name":"wp","href":"https:\/\/api.w.org\/{rel}","templated":true}]}}