{"id":31016,"date":"2018-10-02T09:11:14","date_gmt":"2018-10-02T07:11:14","guid":{"rendered":"https:\/\/www.claret.org\/capacitacion-regional-de-solidaridad-y-mision-africa\/"},"modified":"2018-10-02T09:11:14","modified_gmt":"2018-10-02T07:11:14","slug":"capacitacion-regional-de-solidaridad-y-mision-africa","status":"publish","type":"post","link":"https:\/\/www.claret.org\/es\/capacitacion-regional-de-solidaridad-y-mision-africa\/","title":{"rendered":"Capacitaci\u00f3n Regional de Solidaridad y Misi\u00f3n &#8211; \u00c1frica"},"content":{"rendered":"<p><strong><img data-recalc-dims=\"1\" loading=\"lazy\" decoding=\"async\" class=\"alignleft size-medium wp-image-30844\" src=\"https:\/\/i0.wp.com\/www.claret.org\/wp-content\/uploads\/2018\/10\/SOMI-Regional-Training-Nairobi-1.jpg?resize=214%2C300&#038;ssl=1\" alt=\"\" width=\"214\" height=\"300\" title=\"\" srcset=\"https:\/\/i0.wp.com\/www.claret.org\/wp-content\/uploads\/2018\/10\/SOMI-Regional-Training-Nairobi-1.jpg?resize=214%2C300&amp;ssl=1 214w, https:\/\/i0.wp.com\/www.claret.org\/wp-content\/uploads\/2018\/10\/SOMI-Regional-Training-Nairobi-1.jpg?w=480&amp;ssl=1 480w\" sizes=\"(max-width: 214px) 100vw, 214px\" \/>Nairobi, Kenia.<\/strong> \u00ab<em>Nuestra vida en Nairobi fue una celebraci\u00f3n de la comuni\u00f3n c\u00f3smica, humana y claretiana. Podr\u00edamos vivir en peque\u00f1as formas nuestro aprecio por la creaci\u00f3n, la paz, la oraci\u00f3n, la justicia y el desarrollo sostenible. Solicitamos sinceramente que los miembros de nuestros Organismos Mayores participen en el aprendizaje continuo sobre los derechos de las personas y el planeta, y trabajen para la realizaci\u00f3n de estos valores en nuestra vida y en la sociedad<\/em>\u00ab, dicen los claretianos que participaron en la Formaci\u00f3n Regional, organizada por el Equipo de Solidaridad General y Misi\u00f3n (SOMI), en la Casa Provincial de la Delegaci\u00f3n de St. Charles Lwanga en Nairobi, Kenia, del 3 al 7 de septiembre de 2018.<\/p>\n<p>El SOMI est\u00e1 formado por el Secretario General de JPIC, la Procura General de Misiones y el CMF @ UN, y funciona bajo la Prefectura General de Apostolado. Esta capacitaci\u00f3n se organiz\u00f3 para aumentar el conocimiento de JPIC, el modo congregacional de hacer proyectos, el sistema de la ONU y sus instrumentos, y para crear estructuras SOMI en la regi\u00f3n.<\/p>\n<p>Quince claretianos que representan a las comunidades claretianas, y que prestan servicios en Kenia, Uganda, Tanzania, Zimbabwe, Camer\u00fan, Nigeria, Rep\u00fablica Democr\u00e1tica del Congo y Mozambique, han participado en la capacitaci\u00f3n. La misma incluy\u00f3 temas tales como: las realidades socio-econ\u00f3micas, pol\u00edticas y eclesiales de la regi\u00f3n; las condiciones generales del medio ambiente \/ cambio clim\u00e1tico, refugiados \/ migrantes, pueblos ind\u00edgenas \/ miner\u00eda y paz-reconciliaci\u00f3n; el sistema de la ONU y sus convenciones \/ tratados, incluida la Declaraci\u00f3n Universal de Derechos Humanos (DUDH), los objetivos de desarrollo sostenible y las modalidades congregacionales de hacer proyectos.<\/p>\n<p>La interacci\u00f3n con los ni\u00f1os de la barriada de Kibera que dominaban la habilidad de <em>Rope Jumping<\/em>, con el lema de \u00ab<em>saltar al futuro<\/em>\u00bb fue una experiencia interesante para todos los participantes.<\/p>\n<p><img data-recalc-dims=\"1\" loading=\"lazy\" decoding=\"async\" class=\"alignnone wp-image-30851 size-full\" src=\"https:\/\/i0.wp.com\/www.claret.org\/wp-content\/uploads\/2018\/10\/SOMI-Regional-Training-Nairobi-2.jpg?resize=1080%2C720&#038;ssl=1\" alt=\"\" width=\"1080\" height=\"720\" title=\"\" srcset=\"https:\/\/i0.wp.com\/www.claret.org\/wp-content\/uploads\/2018\/10\/SOMI-Regional-Training-Nairobi-2.jpg?w=1280&amp;ssl=1 1280w, https:\/\/i0.wp.com\/www.claret.org\/wp-content\/uploads\/2018\/10\/SOMI-Regional-Training-Nairobi-2.jpg?resize=300%2C200&amp;ssl=1 300w, https:\/\/i0.wp.com\/www.claret.org\/wp-content\/uploads\/2018\/10\/SOMI-Regional-Training-Nairobi-2.jpg?resize=768%2C512&amp;ssl=1 768w, https:\/\/i0.wp.com\/www.claret.org\/wp-content\/uploads\/2018\/10\/SOMI-Regional-Training-Nairobi-2.jpg?resize=1024%2C683&amp;ssl=1 1024w, https:\/\/i0.wp.com\/www.claret.org\/wp-content\/uploads\/2018\/10\/SOMI-Regional-Training-Nairobi-2.jpg?resize=1080%2C720&amp;ssl=1 1080w\" sizes=\"(max-width: 1080px) 100vw, 1080px\" \/><\/p>\n<p>La capacitaci\u00f3n de Nairobi fue la primera de una serie de capacitaciones de SOMI planeadas para las diferentes regiones de la Congregaci\u00f3n.<\/p>\n<p>&nbsp;<\/p>\n<p>[envira-gallery id=\u00bb30795&#8243;]<\/p>\n","protected":false},"excerpt":{"rendered":"<p>Nairobi, Kenia. \u00abNuestra vida en Nairobi fue una celebraci\u00f3n de la comuni\u00f3n c\u00f3smica, humana y claretiana. Podr\u00edamos vivir en peque\u00f1as formas nuestro aprecio por la creaci\u00f3n, la paz, la oraci\u00f3n, la justicia y el desarrollo sostenible. Solicitamos sinceramente que los miembros de nuestros Organismos Mayores participen en el aprendizaje continuo sobre los derechos de las [&hellip;]<\/p>\n","protected":false},"author":2,"featured_media":30843,"comment_status":"closed","ping_status":"closed","sticky":false,"template":"","format":"standard","meta":{"_et_pb_use_builder":"","_et_pb_old_content":"","_et_gb_content_width":"","footnotes":""},"categories":[984,261,454,448,445,184],"tags":[],"class_list":["post-31016","post","type-post","status-publish","format-standard","has-post-thumbnail","hentry","category-acla-es","category-jpic-es","category-presencia-en-la-onu","category-procura-mision","category-solidaridad-y-mision","category-st-charles-lwanga-es"],"jetpack_featured_media_url":"https:\/\/i0.wp.com\/www.claret.org\/wp-content\/uploads\/2018\/10\/SOMI-Regional-Training-Nairobi-11.jpg?fit=1944%2C1296&ssl=1","jetpack_sharing_enabled":true,"jetpack_shortlink":"https:\/\/wp.me\/pdaBmi-84g","jetpack_likes_enabled":true,"_links":{"self":[{"href":"https:\/\/www.claret.org\/es\/wp-json\/wp\/v2\/posts\/31016","targetHints":{"allow":["GET"]}}],"collection":[{"href":"https:\/\/www.claret.org\/es\/wp-json\/wp\/v2\/posts"}],"about":[{"href":"https:\/\/www.claret.org\/es\/wp-json\/wp\/v2\/types\/post"}],"author":[{"embeddable":true,"href":"https:\/\/www.claret.org\/es\/wp-json\/wp\/v2\/users\/2"}],"replies":[{"embeddable":true,"href":"https:\/\/www.claret.org\/es\/wp-json\/wp\/v2\/comments?post=31016"}],"version-history":[{"count":0,"href":"https:\/\/www.claret.org\/es\/wp-json\/wp\/v2\/posts\/31016\/revisions"}],"wp:featuredmedia":[{"embeddable":true,"href":"https:\/\/www.claret.org\/es\/wp-json\/wp\/v2\/media\/30843"}],"wp:attachment":[{"href":"https:\/\/www.claret.org\/es\/wp-json\/wp\/v2\/media?parent=31016"}],"wp:term":[{"taxonomy":"category","embeddable":true,"href":"https:\/\/www.claret.org\/es\/wp-json\/wp\/v2\/categories?post=31016"},{"taxonomy":"post_tag","embeddable":true,"href":"https:\/\/www.claret.org\/es\/wp-json\/wp\/v2\/tags?post=31016"}],"curies":[{"name":"wp","href":"https:\/\/api.w.org\/{rel}","templated":true}]}}