{"id":31367,"date":"2018-10-08T04:00:07","date_gmt":"2018-10-08T02:00:07","guid":{"rendered":"https:\/\/www.claret.org\/?p=31367"},"modified":"2018-10-08T08:36:02","modified_gmt":"2018-10-08T06:36:02","slug":"visita-a-una-fragua-segoviana","status":"publish","type":"post","link":"https:\/\/www.claret.org\/es\/visita-a-una-fragua-segoviana\/","title":{"rendered":"Visita a una fragua segoviana"},"content":{"rendered":"<p><span id=\"result_box\" class=\"\" lang=\"en\"><span class=\"\"><strong>Segovia, Espa\u00f1a.<\/strong> El s\u00e1bado d\u00eda 6 de octubre, quienes participan en La Fragua tuvieron la oportunidad de visitar en Segovia una fragua. La visita a esa ciudad tan hermosa y claretiana les posibilit\u00f3 ser espectadores de este a\u00f1ejo uso artesanal: un trozo de hierro era introducido entre las brasas del carb\u00f3n encendido hasta quedar al rojo vivo; despu\u00e9s era modelado diestramente en el yunque por el certero martillo del se\u00f1or El\u00edas, el veterano herrero, hasta darle la forma que le hab\u00edan pedido para esta ocasi\u00f3n: un cuchillo de forja, tosco a\u00fan pero original.<\/span><\/span><\/p>\n<p>En vivo y durante un corto espacio de tiempo contemplaron c\u00f3mo el fuego y la mano del herrero pueden cambiar un trozo de hierro. La imagen claretiana de la fragua les hac\u00eda entender ellos (y a todos nosotros) el proceso iniciado\u2026 Con fuego pero sin herrero, el hierro se parte&#8230; pero no se transforma\u2026 \u00a1Un s\u00edmbolo claro!<\/p>\n<p><span id=\"result_box\" class=\"\" lang=\"en\"><span class=\"\"> <\/span><\/span><\/p>\n<p><img data-recalc-dims=\"1\" loading=\"lazy\" decoding=\"async\" class=\"alignnone size-full wp-image-31359\" src=\"https:\/\/i0.wp.com\/www.claret.org\/wp-content\/uploads\/2018\/10\/fragua-2.jpg?resize=1080%2C608&#038;ssl=1\" alt=\"\" width=\"1080\" height=\"608\" title=\"\" srcset=\"https:\/\/i0.wp.com\/www.claret.org\/wp-content\/uploads\/2018\/10\/fragua-2.jpg?w=1280&amp;ssl=1 1280w, https:\/\/i0.wp.com\/www.claret.org\/wp-content\/uploads\/2018\/10\/fragua-2.jpg?resize=300%2C169&amp;ssl=1 300w, https:\/\/i0.wp.com\/www.claret.org\/wp-content\/uploads\/2018\/10\/fragua-2.jpg?resize=768%2C432&amp;ssl=1 768w, https:\/\/i0.wp.com\/www.claret.org\/wp-content\/uploads\/2018\/10\/fragua-2.jpg?resize=1024%2C576&amp;ssl=1 1024w, https:\/\/i0.wp.com\/www.claret.org\/wp-content\/uploads\/2018\/10\/fragua-2.jpg?resize=1080%2C608&amp;ssl=1 1080w\" sizes=\"(max-width: 1080px) 100vw, 1080px\" \/><\/p>\n","protected":false},"excerpt":{"rendered":"<p>Segovia, Espa\u00f1a. El s\u00e1bado d\u00eda 6 de octubre, quienes participan en La Fragua tuvieron la oportunidad de visitar en Segovia una fragua. La visita a esa ciudad tan hermosa y claretiana les posibilit\u00f3 ser espectadores de este a\u00f1ejo uso artesanal: un trozo de hierro era introducido entre las brasas del carb\u00f3n encendido hasta quedar al [&hellip;]<\/p>\n","protected":false},"author":2,"featured_media":31358,"comment_status":"closed","ping_status":"closed","sticky":false,"template":"","format":"standard","meta":{"_et_pb_use_builder":"","_et_pb_old_content":"","_et_gb_content_width":"","footnotes":""},"categories":[613,618],"tags":[],"class_list":["post-31367","post","type-post","status-publish","format-standard","has-post-thumbnail","hentry","category-espiritualidad-y-vida-comunitaria","category-la-fragua"],"jetpack_featured_media_url":"https:\/\/i0.wp.com\/www.claret.org\/wp-content\/uploads\/2018\/10\/fragua-1.jpg?fit=3264%2C1836&ssl=1","jetpack_sharing_enabled":true,"jetpack_shortlink":"https:\/\/wp.me\/pdaBmi-89V","jetpack_likes_enabled":true,"_links":{"self":[{"href":"https:\/\/www.claret.org\/es\/wp-json\/wp\/v2\/posts\/31367","targetHints":{"allow":["GET"]}}],"collection":[{"href":"https:\/\/www.claret.org\/es\/wp-json\/wp\/v2\/posts"}],"about":[{"href":"https:\/\/www.claret.org\/es\/wp-json\/wp\/v2\/types\/post"}],"author":[{"embeddable":true,"href":"https:\/\/www.claret.org\/es\/wp-json\/wp\/v2\/users\/2"}],"replies":[{"embeddable":true,"href":"https:\/\/www.claret.org\/es\/wp-json\/wp\/v2\/comments?post=31367"}],"version-history":[{"count":0,"href":"https:\/\/www.claret.org\/es\/wp-json\/wp\/v2\/posts\/31367\/revisions"}],"wp:featuredmedia":[{"embeddable":true,"href":"https:\/\/www.claret.org\/es\/wp-json\/wp\/v2\/media\/31358"}],"wp:attachment":[{"href":"https:\/\/www.claret.org\/es\/wp-json\/wp\/v2\/media?parent=31367"}],"wp:term":[{"taxonomy":"category","embeddable":true,"href":"https:\/\/www.claret.org\/es\/wp-json\/wp\/v2\/categories?post=31367"},{"taxonomy":"post_tag","embeddable":true,"href":"https:\/\/www.claret.org\/es\/wp-json\/wp\/v2\/tags?post=31367"}],"curies":[{"name":"wp","href":"https:\/\/api.w.org\/{rel}","templated":true}]}}