{"id":31587,"date":"2018-10-10T12:39:42","date_gmt":"2018-10-10T10:39:42","guid":{"rendered":"https:\/\/www.claret.org\/encuentro-de-apostolado-de-catalunya-euskal-herria-francia-italia\/"},"modified":"2018-10-10T12:39:42","modified_gmt":"2018-10-10T10:39:42","slug":"encuentro-de-apostolado-de-catalunya-euskal-herria-francia-italia","status":"publish","type":"post","link":"https:\/\/www.claret.org\/es\/encuentro-de-apostolado-de-catalunya-euskal-herria-francia-italia\/","title":{"rendered":"Encuentro de Apostolado de Catalunya-Euskal Herria-Francia-Italia"},"content":{"rendered":"<p><strong>Vic, Espa\u00f1a.<\/strong> Los Prefectos de Apostolado de Catalunya, Euskal Herria, Francia e Italia reunieron en Vic a unos 50 religiosos y laicos de sus respectivos Organismos Mayores del 5 al 7 de octubre, para favorecer el encuentro y conocimiento conjuntos, contribuir al presente borrador del Proyecto Provincial de Vida y Misi\u00f3n, y compartir el trabajo pastoral que realizan en sus respectivos Organismos Mayores.<\/p>\n<p>Al inicio del Encuentro, el P. Manuel Tamargo, CMF, Ec\u00f3nomo General y encargado de acompa\u00f1ar a estos Organismos Mayores en el proceso de reorganizaci\u00f3n, present\u00f3 el proceso de reorganizaci\u00f3n que la Congregaci\u00f3n est\u00e1 llevando a cabo en Europa, particularmente en estos cuatro Organismos Mayores, para consolidar sus fuerzas y poder seguir anunciando el Evangelio de manera significativa para la gente de nuestro tiempo.<\/p>\n<p>Uno de los frutos de este proceso ha sido el documento \u00ab<em>Hacia un proyecto provincial de vida y misi\u00f3n<\/em>\u00ab, presentado por los PP. Ricard Costa-Juss\u00e0 y Agust\u00edn Ort\u00edz, CMFF, y que ha sido el material que se ha tenido que trabajar en grupos, y por Organismos Mayores, durante la sesi\u00f3n de la ma\u00f1ana.<\/p>\n<p>La ma\u00f1ana termin\u00f3 con una breve presentaci\u00f3n de la Secretaria General del Movimiento de los Seglares Claretianos, Bernardeta Arbaiza, sobre la presencia del Movimiento en estos Organismos Mayores y su situaci\u00f3n antes de esta reorganizaci\u00f3n.<\/p>\n<p>Ya por la tarde, los Padres Aitor Kamiruaga y Ricard Costa-Juss\u00e0, CMFF, presentaron la realidad de las Colegios Claretianos en Euskal Herria y Catalunya, una misi\u00f3n muy exigente que involucra a muchas personas, tanto agentes como sujetos, un verdadero desaf\u00edo evangelizador.<\/p>\n<p>El resto de la tarde fue dedicado a renovar el esp\u00edritu claretiano. Acompa\u00f1ados por el P. Carlos S\u00e1nchez y el H. Josep Codina, CMFF, visitaron el templo, el museo y los lugares emblem\u00e1ticos de Vic. Terminaron esta peregrinaci\u00f3n claretiana con una vigilia de oraci\u00f3n en la que celebraron los siete dones del Esp\u00edritu Santo.<\/p>\n<p>El domingo por la ma\u00f1ana, y despu\u00e9s de la celebraci\u00f3n de la Eucarist\u00eda en la cripta, se reunieron por \u00e1reas de apostolado (Pastoral de Ni\u00f1os y J\u00f3venes, Pastoral de Familias y Adultos, Pastoral de Excluidos) para compartir sus responsabilidades en cada uno de los Organismos Mayores y comenzar a echar un vistazo los pasos conjuntos necesarios para dar de cara a futuro.<\/p>\n<p>El encuentro finaliz\u00f3 con una evaluaci\u00f3n y un momento para agradecer a todas las personas que lo hicieron posible. De manera especial, se agradeci\u00f3 el trabajo de los traductores que facilitaron la comunicaci\u00f3n entre personas de cinco idiomas diferentes.<\/p>\n<blockquote><p><em>\u201cHan sido dos d\u00edas intensos para conocernos, compartir el esp\u00edritu claretiano que nos une y comenzar a ver a d\u00f3nde puede ir este nuevo Organismo a la luz de la Misi\u00f3n Compartida. Que la audacia y creatividad que caracterizaron al P. Claret nos impulse a ser los evangelizadores que este tiempo necesita\u201d.<\/em><\/p><\/blockquote>\n<p>&nbsp;<\/p>\n<p>[envira-gallery id=\u00bb31503&#8243;]<\/p>\n","protected":false},"excerpt":{"rendered":"<p>Vic, Espa\u00f1a. Los Prefectos de Apostolado de Catalunya, Euskal Herria, Francia e Italia reunieron en Vic a unos 50 religiosos y laicos de sus respectivos Organismos Mayores del 5 al 7 de octubre, para favorecer el encuentro y conocimiento conjuntos, contribuir al presente borrador del Proyecto Provincial de Vida y Misi\u00f3n, y compartir el trabajo [&hellip;]<\/p>\n","protected":false},"author":2,"featured_media":31509,"comment_status":"closed","ping_status":"closed","sticky":false,"template":"","format":"standard","meta":{"_et_pb_use_builder":"","_et_pb_old_content":"","_et_gb_content_width":"","footnotes":""},"categories":[409,291,296,301,304,286],"tags":[],"class_list":["post-31587","post","type-post","status-publish","format-standard","has-post-thumbnail","hentry","category-apostolado","category-catalunya-es","category-euskal-herria-es","category-france-es","category-italia-es","category-sanctus-paulus-es"],"jetpack_featured_media_url":"https:\/\/i0.wp.com\/www.claret.org\/wp-content\/uploads\/2018\/10\/Trobada-dApostola-1.jpg?fit=960%2C720&ssl=1","jetpack_sharing_enabled":true,"jetpack_shortlink":"https:\/\/wp.me\/pdaBmi-8dt","jetpack_likes_enabled":true,"_links":{"self":[{"href":"https:\/\/www.claret.org\/es\/wp-json\/wp\/v2\/posts\/31587","targetHints":{"allow":["GET"]}}],"collection":[{"href":"https:\/\/www.claret.org\/es\/wp-json\/wp\/v2\/posts"}],"about":[{"href":"https:\/\/www.claret.org\/es\/wp-json\/wp\/v2\/types\/post"}],"author":[{"embeddable":true,"href":"https:\/\/www.claret.org\/es\/wp-json\/wp\/v2\/users\/2"}],"replies":[{"embeddable":true,"href":"https:\/\/www.claret.org\/es\/wp-json\/wp\/v2\/comments?post=31587"}],"version-history":[{"count":0,"href":"https:\/\/www.claret.org\/es\/wp-json\/wp\/v2\/posts\/31587\/revisions"}],"wp:featuredmedia":[{"embeddable":true,"href":"https:\/\/www.claret.org\/es\/wp-json\/wp\/v2\/media\/31509"}],"wp:attachment":[{"href":"https:\/\/www.claret.org\/es\/wp-json\/wp\/v2\/media?parent=31587"}],"wp:term":[{"taxonomy":"category","embeddable":true,"href":"https:\/\/www.claret.org\/es\/wp-json\/wp\/v2\/categories?post=31587"},{"taxonomy":"post_tag","embeddable":true,"href":"https:\/\/www.claret.org\/es\/wp-json\/wp\/v2\/tags?post=31587"}],"curies":[{"name":"wp","href":"https:\/\/api.w.org\/{rel}","templated":true}]}}