{"id":32022,"date":"2018-10-18T22:50:41","date_gmt":"2018-10-18T20:50:41","guid":{"rendered":"https:\/\/www.claret.org\/el-profeta-reunion-anual-de-apj-de-betica\/"},"modified":"2018-10-18T22:50:41","modified_gmt":"2018-10-18T20:50:41","slug":"el-profeta-reunion-anual-de-apj-de-betica","status":"publish","type":"post","link":"https:\/\/www.claret.org\/es\/el-profeta-reunion-anual-de-apj-de-betica\/","title":{"rendered":"\u00abEl Profeta\u00bb: Reuni\u00f3n Anual de APJ de B\u00e9tica"},"content":{"rendered":"<p><strong>Loja, Espa\u00f1a.<\/strong> Del 11 al 14 de octubre de 2018, tuvo lugar en Loja, Granada, la Reuni\u00f3n Anual de APJ (Agentes de Pastoral de Juventud) de la Provincia de B\u00e9tica, con 140 participantes. M\u00e1s all\u00e1 del formato normal del programa, la edici\u00f3n de este a\u00f1o fue una adaptaci\u00f3n de los Campamentos de Verano que se llevan a cabo en el mismo lugar cada a\u00f1o, y se titul\u00f3 \u00abEl Profeta\u00bb. A trav\u00e9s del programa de formaci\u00f3n, bajo la animaci\u00f3n de la Pastoral de J\u00f3venes y Vocaciones, con la ayuda de algunos misioneros y laicos, los APJ compartieron vidas, celebraciones, actividades &#8230; Muchos de ellos han tratado de ayudarse mutuamente a situarse ante la llamada de Dios en su propia vida de Dios y en la acci\u00f3n evangelizadora, as\u00ed como de cara a enfrentar los temores y responder a los desaf\u00edos que la misi\u00f3n les plantea.<\/p>\n<p><img data-recalc-dims=\"1\" loading=\"lazy\" decoding=\"async\" class=\"alignnone size-full wp-image-32003\" src=\"https:\/\/i0.wp.com\/www.claret.org\/wp-content\/uploads\/2018\/10\/2018-10-14-EncuentroAPJs-2.jpg?resize=1080%2C386&#038;ssl=1\" alt=\"\" width=\"1080\" height=\"386\" title=\"\" srcset=\"https:\/\/i0.wp.com\/www.claret.org\/wp-content\/uploads\/2018\/10\/2018-10-14-EncuentroAPJs-2.jpg?w=1280&amp;ssl=1 1280w, https:\/\/i0.wp.com\/www.claret.org\/wp-content\/uploads\/2018\/10\/2018-10-14-EncuentroAPJs-2.jpg?resize=300%2C107&amp;ssl=1 300w, https:\/\/i0.wp.com\/www.claret.org\/wp-content\/uploads\/2018\/10\/2018-10-14-EncuentroAPJs-2.jpg?resize=768%2C274&amp;ssl=1 768w, https:\/\/i0.wp.com\/www.claret.org\/wp-content\/uploads\/2018\/10\/2018-10-14-EncuentroAPJs-2.jpg?resize=1024%2C365&amp;ssl=1 1024w, https:\/\/i0.wp.com\/www.claret.org\/wp-content\/uploads\/2018\/10\/2018-10-14-EncuentroAPJs-2.jpg?resize=1080%2C385&amp;ssl=1 1080w\" sizes=\"(max-width: 1080px) 100vw, 1080px\" \/><\/p>\n","protected":false},"excerpt":{"rendered":"<p>Loja, Espa\u00f1a. Del 11 al 14 de octubre de 2018, tuvo lugar en Loja, Granada, la Reuni\u00f3n Anual de APJ (Agentes de Pastoral de Juventud) de la Provincia de B\u00e9tica, con 140 participantes. M\u00e1s all\u00e1 del formato normal del programa, la edici\u00f3n de este a\u00f1o fue una adaptaci\u00f3n de los Campamentos de Verano que se [&hellip;]<\/p>\n","protected":false},"author":2,"featured_media":32014,"comment_status":"closed","ping_status":"closed","sticky":false,"template":"","format":"standard","meta":{"_et_pb_use_builder":"","_et_pb_old_content":"","_et_gb_content_width":"","footnotes":""},"categories":[320,485],"tags":[],"class_list":["post-32022","post","type-post","status-publish","format-standard","has-post-thumbnail","hentry","category-betica-es","category-pastoral-juvenil-vocacional"],"jetpack_featured_media_url":"https:\/\/i0.wp.com\/www.claret.org\/wp-content\/uploads\/2018\/10\/2018-10-14-EncuentroAPJs.jpg?fit=2000%2C1124&ssl=1","jetpack_sharing_enabled":true,"jetpack_shortlink":"https:\/\/wp.me\/pdaBmi-8ku","jetpack_likes_enabled":true,"_links":{"self":[{"href":"https:\/\/www.claret.org\/es\/wp-json\/wp\/v2\/posts\/32022","targetHints":{"allow":["GET"]}}],"collection":[{"href":"https:\/\/www.claret.org\/es\/wp-json\/wp\/v2\/posts"}],"about":[{"href":"https:\/\/www.claret.org\/es\/wp-json\/wp\/v2\/types\/post"}],"author":[{"embeddable":true,"href":"https:\/\/www.claret.org\/es\/wp-json\/wp\/v2\/users\/2"}],"replies":[{"embeddable":true,"href":"https:\/\/www.claret.org\/es\/wp-json\/wp\/v2\/comments?post=32022"}],"version-history":[{"count":0,"href":"https:\/\/www.claret.org\/es\/wp-json\/wp\/v2\/posts\/32022\/revisions"}],"wp:featuredmedia":[{"embeddable":true,"href":"https:\/\/www.claret.org\/es\/wp-json\/wp\/v2\/media\/32014"}],"wp:attachment":[{"href":"https:\/\/www.claret.org\/es\/wp-json\/wp\/v2\/media?parent=32022"}],"wp:term":[{"taxonomy":"category","embeddable":true,"href":"https:\/\/www.claret.org\/es\/wp-json\/wp\/v2\/categories?post=32022"},{"taxonomy":"post_tag","embeddable":true,"href":"https:\/\/www.claret.org\/es\/wp-json\/wp\/v2\/tags?post=32022"}],"curies":[{"name":"wp","href":"https:\/\/api.w.org\/{rel}","templated":true}]}}