{"id":32330,"date":"2018-10-24T09:58:09","date_gmt":"2018-10-24T07:58:09","guid":{"rendered":"https:\/\/www.claret.org\/sitio-web-renovado-de-la-provincia-de-mexico\/"},"modified":"2018-10-24T09:58:09","modified_gmt":"2018-10-24T07:58:09","slug":"sitio-web-renovado-de-la-provincia-de-mexico","status":"publish","type":"post","link":"https:\/\/www.claret.org\/es\/sitio-web-renovado-de-la-provincia-de-mexico\/","title":{"rendered":"Sitio web renovado de la Provincia de M\u00e9xico"},"content":{"rendered":"<p><strong>Ciudad de M\u00e9xico, M\u00e9xico. <\/strong>Como parte de la renovaci\u00f3n y actualizaci\u00f3n digital de la Provincia de M\u00e9xico, su Comisi\u00f3n de Tecnolog\u00edas de  Informaci\u00f3n y Comunicaciones (TICs) inaugura hoy, 24 de octubre de 2018, en la Fiesta de nuestro Padre Fundador, su nuevo y renovado sitio web provincial. Del www.claretianos.org.mx a su nuevo enlace url <a href=\"http:\/\/www.claretianos.mx\" target=\"_blank\" rel=\"noopener nofollow\">http:\/\/www.claretianos.mx<\/a>, el nuevo sitio est\u00e1 ahora en un formato adoptado para ordenadores de escritorio, tel\u00e9fonos inteligentes, tabletas, televisores inteligentes, con filtros de art\u00edculos y categor\u00edas para una f\u00e1cil navegaci\u00f3n.<\/p>\n<p>&nbsp;<\/p>\n","protected":false},"excerpt":{"rendered":"<p>Ciudad de M\u00e9xico, M\u00e9xico. Como parte de la renovaci\u00f3n y actualizaci\u00f3n digital de la Provincia de M\u00e9xico, su Comisi\u00f3n de Tecnolog\u00edas de Informaci\u00f3n y Comunicaciones (TICs) inaugura hoy, 24 de octubre de 2018, en la Fiesta de nuestro Padre Fundador, su nuevo y renovado sitio web provincial. Del www.claretianos.org.mx a su nuevo enlace url http:\/\/www.claretianos.mx, [&hellip;]<\/p>\n","protected":false},"author":2,"featured_media":32327,"comment_status":"closed","ping_status":"closed","sticky":false,"template":"","format":"standard","meta":{"_et_pb_use_builder":"","_et_pb_old_content":"","_et_gb_content_width":"","footnotes":""},"categories":[386,432],"tags":[],"class_list":["post-32330","post","type-post","status-publish","format-standard","has-post-thumbnail","hentry","category-mexico-es","category-tics"],"jetpack_featured_media_url":"https:\/\/i0.wp.com\/www.claret.org\/wp-content\/uploads\/2018\/10\/Nueva_Web3x.png?fit=1137%2C901&ssl=1","jetpack_sharing_enabled":true,"jetpack_shortlink":"https:\/\/wp.me\/pdaBmi-8ps","jetpack_likes_enabled":true,"_links":{"self":[{"href":"https:\/\/www.claret.org\/es\/wp-json\/wp\/v2\/posts\/32330","targetHints":{"allow":["GET"]}}],"collection":[{"href":"https:\/\/www.claret.org\/es\/wp-json\/wp\/v2\/posts"}],"about":[{"href":"https:\/\/www.claret.org\/es\/wp-json\/wp\/v2\/types\/post"}],"author":[{"embeddable":true,"href":"https:\/\/www.claret.org\/es\/wp-json\/wp\/v2\/users\/2"}],"replies":[{"embeddable":true,"href":"https:\/\/www.claret.org\/es\/wp-json\/wp\/v2\/comments?post=32330"}],"version-history":[{"count":0,"href":"https:\/\/www.claret.org\/es\/wp-json\/wp\/v2\/posts\/32330\/revisions"}],"wp:featuredmedia":[{"embeddable":true,"href":"https:\/\/www.claret.org\/es\/wp-json\/wp\/v2\/media\/32327"}],"wp:attachment":[{"href":"https:\/\/www.claret.org\/es\/wp-json\/wp\/v2\/media?parent=32330"}],"wp:term":[{"taxonomy":"category","embeddable":true,"href":"https:\/\/www.claret.org\/es\/wp-json\/wp\/v2\/categories?post=32330"},{"taxonomy":"post_tag","embeddable":true,"href":"https:\/\/www.claret.org\/es\/wp-json\/wp\/v2\/tags?post=32330"}],"curies":[{"name":"wp","href":"https:\/\/api.w.org\/{rel}","templated":true}]}}