{"id":33110,"date":"2018-10-30T00:41:16","date_gmt":"2018-10-29T22:41:16","guid":{"rendered":"https:\/\/www.claret.org\/ordenacion-diaconal-de-romuald-wambo-cmf-en-francia\/"},"modified":"2018-10-30T00:41:16","modified_gmt":"2018-10-29T22:41:16","slug":"ordenacion-diaconal-de-romuald-wambo-cmf-en-francia","status":"publish","type":"post","link":"https:\/\/www.claret.org\/es\/ordenacion-diaconal-de-romuald-wambo-cmf-en-francia\/","title":{"rendered":"Ordenaci\u00f3n diaconal de Romuald Wambo, CMF, en Francia"},"content":{"rendered":"<p><strong>Toulouse, Francia.<\/strong>&nbsp;El 27 de octubre de 2018, el Arzobispo Robert Jean Louis Le Gall, O.S.B., de la Archidi\u00f3cesis de Toulouse orden\u00f3 al E. Romuald Wambo, CMF, como Di\u00e1cono. La celebraci\u00f3n se desarroll\u00f3 en la Parroquia St Jacques de Muret, en Toulouse.<\/p>\n<p><\/p>\n<p>[envira-gallery id=\u00bb33009&#8243;]<\/p>\n","protected":false},"excerpt":{"rendered":"<p>Toulouse, Francia.&nbsp;El 27 de octubre de 2018, el Arzobispo Robert Jean Louis Le Gall, O.S.B., de la Archidi\u00f3cesis de Toulouse orden\u00f3 al E. Romuald Wambo, CMF, como Di\u00e1cono. La celebraci\u00f3n se desarroll\u00f3 en la Parroquia St Jacques de Muret, en Toulouse. [envira-gallery id=\u00bb33009&#8243;]<\/p>\n","protected":false},"author":2,"featured_media":33033,"comment_status":"closed","ping_status":"closed","sticky":false,"template":"","format":"standard","meta":{"_et_pb_use_builder":"","_et_pb_old_content":"","_et_gb_content_width":"","footnotes":""},"categories":[301,573],"tags":[],"class_list":["post-33110","post","type-post","status-publish","format-standard","has-post-thumbnail","hentry","category-france-es","category-ordenaciones"],"jetpack_featured_media_url":"https:\/\/i0.wp.com\/www.claret.org\/wp-content\/uploads\/2018\/10\/Diaconate-Ordination-of-Romuald-Wambo-1.jpeg?fit=1599%2C1200&ssl=1","jetpack_sharing_enabled":true,"jetpack_shortlink":"https:\/\/wp.me\/pdaBmi-8C2","jetpack_likes_enabled":true,"_links":{"self":[{"href":"https:\/\/www.claret.org\/es\/wp-json\/wp\/v2\/posts\/33110","targetHints":{"allow":["GET"]}}],"collection":[{"href":"https:\/\/www.claret.org\/es\/wp-json\/wp\/v2\/posts"}],"about":[{"href":"https:\/\/www.claret.org\/es\/wp-json\/wp\/v2\/types\/post"}],"author":[{"embeddable":true,"href":"https:\/\/www.claret.org\/es\/wp-json\/wp\/v2\/users\/2"}],"replies":[{"embeddable":true,"href":"https:\/\/www.claret.org\/es\/wp-json\/wp\/v2\/comments?post=33110"}],"version-history":[{"count":0,"href":"https:\/\/www.claret.org\/es\/wp-json\/wp\/v2\/posts\/33110\/revisions"}],"wp:featuredmedia":[{"embeddable":true,"href":"https:\/\/www.claret.org\/es\/wp-json\/wp\/v2\/media\/33033"}],"wp:attachment":[{"href":"https:\/\/www.claret.org\/es\/wp-json\/wp\/v2\/media?parent=33110"}],"wp:term":[{"taxonomy":"category","embeddable":true,"href":"https:\/\/www.claret.org\/es\/wp-json\/wp\/v2\/categories?post=33110"},{"taxonomy":"post_tag","embeddable":true,"href":"https:\/\/www.claret.org\/es\/wp-json\/wp\/v2\/tags?post=33110"}],"curies":[{"name":"wp","href":"https:\/\/api.w.org\/{rel}","templated":true}]}}