{"id":34454,"date":"2018-11-19T12:50:48","date_gmt":"2018-11-19T10:50:48","guid":{"rendered":"https:\/\/www.claret.org\/primera-asamblea-provincial-de-pastoral-de-brasil\/"},"modified":"2018-11-19T12:50:48","modified_gmt":"2018-11-19T10:50:48","slug":"primera-asamblea-provincial-de-pastoral-de-brasil","status":"publish","type":"post","link":"https:\/\/www.claret.org\/es\/primera-asamblea-provincial-de-pastoral-de-brasil\/","title":{"rendered":"Primera Asamblea Provincial de Pastoral de Brasil"},"content":{"rendered":"<p><strong>Brodowski, Brasil.<\/strong> La Primera Asamblea Provincial de Pastoral de Brasil tuvo lugar el 16 de noviembre en la Casa Dom Luis, en Brodowski, cerca de Ribeir\u00e3o Preto. En l\u00ednea con el A\u00f1o Nacional de los Laicos en Brasil, la Asamblea Pastoral, organizada por la Prefectura Provincial de Apostolado, busc\u00f3 un acercamiento cada vez m\u00e1s profundo de sus laicos desde los diferentes frentes misioneros con el Carisma Claretiano.<\/p>\n","protected":false},"excerpt":{"rendered":"<p>Brodowski, Brasil. La Primera Asamblea Provincial de Pastoral de Brasil tuvo lugar el 16 de noviembre en la Casa Dom Luis, en Brodowski, cerca de Ribeir\u00e3o Preto. En l\u00ednea con el A\u00f1o Nacional de los Laicos en Brasil, la Asamblea Pastoral, organizada por la Prefectura Provincial de Apostolado, busc\u00f3 un acercamiento cada vez m\u00e1s profundo [&hellip;]<\/p>\n","protected":false},"author":2,"featured_media":34451,"comment_status":"closed","ping_status":"closed","sticky":false,"template":"","format":"standard","meta":{"_et_pb_use_builder":"","_et_pb_old_content":"","_et_gb_content_width":"","footnotes":""},"categories":[409,364],"tags":[],"class_list":["post-34454","post","type-post","status-publish","format-standard","has-post-thumbnail","hentry","category-apostolado","category-brasil-es"],"jetpack_featured_media_url":"https:\/\/i0.wp.com\/www.claret.org\/wp-content\/uploads\/2018\/11\/1st-Provincial-Pastoral-Assembly.jpg?fit=800%2C450&ssl=1","jetpack_sharing_enabled":true,"jetpack_shortlink":"https:\/\/wp.me\/pdaBmi-8XI","jetpack_likes_enabled":true,"_links":{"self":[{"href":"https:\/\/www.claret.org\/es\/wp-json\/wp\/v2\/posts\/34454","targetHints":{"allow":["GET"]}}],"collection":[{"href":"https:\/\/www.claret.org\/es\/wp-json\/wp\/v2\/posts"}],"about":[{"href":"https:\/\/www.claret.org\/es\/wp-json\/wp\/v2\/types\/post"}],"author":[{"embeddable":true,"href":"https:\/\/www.claret.org\/es\/wp-json\/wp\/v2\/users\/2"}],"replies":[{"embeddable":true,"href":"https:\/\/www.claret.org\/es\/wp-json\/wp\/v2\/comments?post=34454"}],"version-history":[{"count":0,"href":"https:\/\/www.claret.org\/es\/wp-json\/wp\/v2\/posts\/34454\/revisions"}],"wp:featuredmedia":[{"embeddable":true,"href":"https:\/\/www.claret.org\/es\/wp-json\/wp\/v2\/media\/34451"}],"wp:attachment":[{"href":"https:\/\/www.claret.org\/es\/wp-json\/wp\/v2\/media?parent=34454"}],"wp:term":[{"taxonomy":"category","embeddable":true,"href":"https:\/\/www.claret.org\/es\/wp-json\/wp\/v2\/categories?post=34454"},{"taxonomy":"post_tag","embeddable":true,"href":"https:\/\/www.claret.org\/es\/wp-json\/wp\/v2\/tags?post=34454"}],"curies":[{"name":"wp","href":"https:\/\/api.w.org\/{rel}","templated":true}]}}