{"id":35974,"date":"2018-11-29T09:58:01","date_gmt":"2018-11-29T08:58:01","guid":{"rendered":"https:\/\/www.claret.org\/solidaridad-con-sudan-del-sur-una-decada-de-solidaridad\/"},"modified":"2018-11-29T10:15:42","modified_gmt":"2018-11-29T08:15:42","slug":"solidaridad-con-sudan-del-sur-una-decada-de-solidaridad","status":"publish","type":"post","link":"https:\/\/www.claret.org\/es\/solidaridad-con-sudan-del-sur-una-decada-de-solidaridad\/","title":{"rendered":"Solidaridad con Sud\u00e1n del Sur: una d\u00e9cada de solidaridad"},"content":{"rendered":"<p>Solidaridad con Sud\u00e1n del Sur ha trabajado durante diez a\u00f1os dif\u00edciles para capacitar a maestros, trabajadores de la salud y agentes pastorales en el problem\u00e1tico Sud\u00e1n del Sur. El P. Paul Smyth, CMF, Presidente de Solidaridad con Sud\u00e1n del Sur y Superior Mayor del Reino Unido-Irlanda, y el P. Callistus Joseph, CMF, Superior Provincial de Alemania, asistieron al encuentro y reuni\u00f3n celebrados en Roma el mi\u00e9rcoles 28 de noviembre de 2018.<\/p>\n<p>Se puede ver el v\u00eddeo preparado por <span class=\"_8fghk l-ellipsis sc-jqCOkK fXnhlt\"><a class=\"js-user_link _1urEL _1KVNy\" href=\"https:\/\/vimeo.com\/user11340108\" data-fatal-attraction=\"container:clip_page|component:user_profile_link|keyword:video_creator\" rel=\"nofollow noopener\" target=\"_blank\">Paul Jeffrey<\/a><\/span> con motivo del d\u00e9cimo aniversario de Solidaridad con Sud\u00e1n del Sur y presentado durante la reuni\u00f3n de ayer en Roma.<\/p>\n<p>&nbsp;<\/p>\n<p><iframe loading=\"lazy\" title=\"A decade of Solidarity\" src=\"https:\/\/player.vimeo.com\/video\/303351827?h=d95c48fc15&amp;dnt=1&amp;app_id=122963\" width=\"1080\" height=\"608\" frameborder=\"0\" allow=\"autoplay; fullscreen; picture-in-picture\" allowfullscreen><\/iframe><\/p>\n","protected":false},"excerpt":{"rendered":"<p>Solidaridad con Sud\u00e1n del Sur ha trabajado durante diez a\u00f1os dif\u00edciles para capacitar a maestros, trabajadores de la salud y agentes pastorales en el problem\u00e1tico Sud\u00e1n del Sur. El P. Paul Smyth, CMF, Presidente de Solidaridad con Sud\u00e1n del Sur y Superior Mayor del Reino Unido-Irlanda, y el P. Callistus Joseph, CMF, Superior Provincial de [&hellip;]<\/p>\n","protected":false},"author":2,"featured_media":35971,"comment_status":"closed","ping_status":"closed","sticky":false,"template":"","format":"standard","meta":{"_et_pb_use_builder":"","_et_pb_old_content":"","_et_gb_content_width":"","footnotes":""},"categories":[984,311,261,608,504,445,331],"tags":[],"class_list":["post-35974","post","type-post","status-publish","format-standard","has-post-thumbnail","hentry","category-acla-es","category-deutschland-es","category-jpic-es","category-mision-viva","category-noticias-eclesiales","category-solidaridad-y-mision","category-uk-ireland-es"],"jetpack_featured_media_url":"https:\/\/i0.wp.com\/www.claret.org\/wp-content\/uploads\/2018\/11\/Solidarity-with-South-Sudan.png?fit=1920%2C1080&ssl=1","jetpack_sharing_enabled":true,"jetpack_shortlink":"https:\/\/wp.me\/pdaBmi-9me","jetpack_likes_enabled":true,"_links":{"self":[{"href":"https:\/\/www.claret.org\/es\/wp-json\/wp\/v2\/posts\/35974","targetHints":{"allow":["GET"]}}],"collection":[{"href":"https:\/\/www.claret.org\/es\/wp-json\/wp\/v2\/posts"}],"about":[{"href":"https:\/\/www.claret.org\/es\/wp-json\/wp\/v2\/types\/post"}],"author":[{"embeddable":true,"href":"https:\/\/www.claret.org\/es\/wp-json\/wp\/v2\/users\/2"}],"replies":[{"embeddable":true,"href":"https:\/\/www.claret.org\/es\/wp-json\/wp\/v2\/comments?post=35974"}],"version-history":[{"count":0,"href":"https:\/\/www.claret.org\/es\/wp-json\/wp\/v2\/posts\/35974\/revisions"}],"wp:featuredmedia":[{"embeddable":true,"href":"https:\/\/www.claret.org\/es\/wp-json\/wp\/v2\/media\/35971"}],"wp:attachment":[{"href":"https:\/\/www.claret.org\/es\/wp-json\/wp\/v2\/media?parent=35974"}],"wp:term":[{"taxonomy":"category","embeddable":true,"href":"https:\/\/www.claret.org\/es\/wp-json\/wp\/v2\/categories?post=35974"},{"taxonomy":"post_tag","embeddable":true,"href":"https:\/\/www.claret.org\/es\/wp-json\/wp\/v2\/tags?post=35974"}],"curies":[{"name":"wp","href":"https:\/\/api.w.org\/{rel}","templated":true}]}}