{"id":36176,"date":"2018-11-30T17:48:41","date_gmt":"2018-11-30T16:48:41","guid":{"rendered":"https:\/\/www.claret.org\/final-del-taller-sobre-el-acompanamiento-en-la-formacion-claretiana\/"},"modified":"2018-11-30T17:48:41","modified_gmt":"2018-11-30T16:48:41","slug":"final-del-taller-sobre-el-acompanamiento-en-la-formacion-claretiana","status":"publish","type":"post","link":"https:\/\/www.claret.org\/es\/final-del-taller-sobre-el-acompanamiento-en-la-formacion-claretiana\/","title":{"rendered":"Final del Taller sobre el Acompa\u00f1amiento en la Formaci\u00f3n Claretiana"},"content":{"rendered":"<p><strong>Belo Horizonte, Brasil.<\/strong> El Taller sobre el Acompa\u00f1amiento en la Formaci\u00f3n Claretiana de la Familia Claretiana de MICLA, organizado y facilitado por el Prefecto General de Formaci\u00f3n, P. Leo Dalmao, CMF, junto con el Prefecto de Formaci\u00f3n de la Provincia de M\u00e9xico, P. Marcos Garnica, CMF, y por el Director del CESC, P. Carlos Sanchez, CMF, que comenz\u00f3 el pasado d\u00eda 20 de noviembre en Juatuba, Belo Horizonte, Brasil, finalmente termin\u00f3 el jueves 29 de noviembre de 2018.<\/p>\n<p>Por un lado, los d\u00edas de trabajo conjunto sirvieron para que los participantes profundizaran en la experiencia carism\u00e1tica del P. Claret como acompa\u00f1ante, as\u00ed como para familiarizarse con las sugerencias del Plan General de Formaci\u00f3n sobre el acompa\u00f1amiento. Tambi\u00e9n han podido conocer las herramientas para comprender mejor a las personas que vienen a nuestras casas de formaci\u00f3n: son personas en busca de su vocaci\u00f3n y deben ser aceptadas y acompa\u00f1adas en su complejidad de vida para que crezcan y transformen sus vidas seg\u00fan el modelo del discipulado misionero de Jes\u00fas.<\/p>\n<p>Por otro lado, tambi\u00e9n han reflexionado sobre el perfil del formador como acompa\u00f1ante. A trav\u00e9s de las diferentes teor\u00edas y pr\u00e1cticas, se concentraron en el arte de acompa\u00f1ar, mientras observaban tanto la complejidad como la importancia de hacerlo. Se les record\u00f3 que esta tarea es obra del Esp\u00edritu Santo, y que esto implica tanto una madurez personal por parte del formador como el hecho de que los formandos sean los protagonistas de su propio crecimiento.<\/p>\n<p>Los participantes en el Taller han sido: CMFF &#8211; Jhon Aguirre (Colombia-Venezuela), C\u00e9sar Arias (Colombia Oriental &#8211; Ecuador), Mauricio Borge y Rodolfo Morales (Centroam\u00e9rica), Nilton Boni, Valentim De Carvalho y Antonio Ferreira (Brasil), Francisco Garc\u00eda (Antillas) ), Eugene Gnansounou y Rolando M\u00e1laga (Per\u00fa-Bolivia), Steve Niskanen y Jos\u00e9 S\u00e1nchez (Estados Unidos-Canad\u00e1); MSAMC &#8211; Ivani Boloventa y Melania Buss (Brasil); RMI &#8211; P\u00e9tronile Mutungidimbu (Prefecta General de Formaci\u00f3n), Cecilia Medina (Latinoam\u00e9rica), Betty Morales (Virgen de Guadalupe).<\/p>\n<p>&nbsp;<\/p>\n<p>[envira-gallery id=\u00bb36117&#8243;]<\/p>\n","protected":false},"excerpt":{"rendered":"<p>Belo Horizonte, Brasil. El Taller sobre el Acompa\u00f1amiento en la Formaci\u00f3n Claretiana de la Familia Claretiana de MICLA, organizado y facilitado por el Prefecto General de Formaci\u00f3n, P. Leo Dalmao, CMF, junto con el Prefecto de Formaci\u00f3n de la Provincia de M\u00e9xico, P. Marcos Garnica, CMF, y por el Director del CESC, P. Carlos Sanchez, [&hellip;]<\/p>\n","protected":false},"author":2,"featured_media":36135,"comment_status":"closed","ping_status":"closed","sticky":false,"template":"","format":"standard","meta":{"_et_pb_use_builder":"","_et_pb_old_content":"","_et_gb_content_width":"","footnotes":""},"categories":[361,364,371,376,378,528,500,386,356,387,601],"tags":[],"class_list":["post-36176","post","type-post","status-publish","format-standard","has-post-thumbnail","hentry","category-antillas-es","category-brasil-es","category-centroamerica-es","category-colombia-venezuela-es","category-colombia-oriental-ecuador-es","category-familia-claretiana","category-formacion","category-mexico-es","category-micla-es","category-peru-bolivia-es","category-usa-canada-es"],"jetpack_featured_media_url":"https:\/\/i0.wp.com\/www.claret.org\/wp-content\/uploads\/2018\/11\/Workshop-on-Accompaniment-in-the-Claretian-Formation-3.jpeg?fit=1152%2C864&ssl=1","jetpack_sharing_enabled":true,"jetpack_shortlink":"https:\/\/wp.me\/pdaBmi-9pu","jetpack_likes_enabled":true,"_links":{"self":[{"href":"https:\/\/www.claret.org\/es\/wp-json\/wp\/v2\/posts\/36176","targetHints":{"allow":["GET"]}}],"collection":[{"href":"https:\/\/www.claret.org\/es\/wp-json\/wp\/v2\/posts"}],"about":[{"href":"https:\/\/www.claret.org\/es\/wp-json\/wp\/v2\/types\/post"}],"author":[{"embeddable":true,"href":"https:\/\/www.claret.org\/es\/wp-json\/wp\/v2\/users\/2"}],"replies":[{"embeddable":true,"href":"https:\/\/www.claret.org\/es\/wp-json\/wp\/v2\/comments?post=36176"}],"version-history":[{"count":0,"href":"https:\/\/www.claret.org\/es\/wp-json\/wp\/v2\/posts\/36176\/revisions"}],"wp:featuredmedia":[{"embeddable":true,"href":"https:\/\/www.claret.org\/es\/wp-json\/wp\/v2\/media\/36135"}],"wp:attachment":[{"href":"https:\/\/www.claret.org\/es\/wp-json\/wp\/v2\/media?parent=36176"}],"wp:term":[{"taxonomy":"category","embeddable":true,"href":"https:\/\/www.claret.org\/es\/wp-json\/wp\/v2\/categories?post=36176"},{"taxonomy":"post_tag","embeddable":true,"href":"https:\/\/www.claret.org\/es\/wp-json\/wp\/v2\/tags?post=36176"}],"curies":[{"name":"wp","href":"https:\/\/api.w.org\/{rel}","templated":true}]}}