{"id":36532,"date":"2018-12-03T15:00:04","date_gmt":"2018-12-03T14:00:04","guid":{"rendered":"https:\/\/www.claret.org\/mes-misionero-extraordinario-de-octubre-de-2019\/"},"modified":"2018-12-04T05:33:29","modified_gmt":"2018-12-04T04:33:29","slug":"mes-misionero-extraordinario-de-octubre-de-2019","status":"publish","type":"post","link":"https:\/\/www.claret.org\/es\/mes-misionero-extraordinario-de-octubre-de-2019\/","title":{"rendered":"Mes Misionero Extraordinario de octubre de 2019"},"content":{"rendered":"<p><strong>Roma, Italia.<\/strong> En preparaci\u00f3n para el pr\u00f3ximo MES MISIONERO EXTRAORDINARIO DE OCTUBRE DE 2019, os presentamos la secci\u00f3n del sitio web de la Congregaci\u00f3n: <a href=\"\/en?page_id=35470\">https:\/\/www.claret.org\/extraordinary-mission-month-of-october-2019\/<\/a><\/p>\n<p>El 22 de octubre de 2017, D\u00eda Mundial de la Misi\u00f3n, el Papa Francisco anunci\u00f3 p\u00fablicamente a toda la Iglesia su intenci\u00f3n de designar un Mes Misionero Extraordinario del mes de octubre de 2019 para celebrar el centenario de la Carta Apost\u00f3lica <em>Maximum Illud<\/em> del Papa Benedicto XV. El mismo d\u00eda, el Santo Padre envi\u00f3 una carta al Cardenal Fernando Filoni, Prefecto de la Congregaci\u00f3n para la Evangelizaci\u00f3n de los Pueblos y Presidente del Consejo Supremo de las Obras Misionales Pontificias (PMS). Le encomend\u00f3 el trabajo de preparaci\u00f3n para este evento, especialmente creando conciencia entre las Iglesias particulares, los Institutos de Vida Consagrada y las Sociedades de Vida Apost\u00f3lica, y entre asociaciones, movimientos, comunidades y otras instituciones y organismos eclesiales.<\/p>\n<p>El tema del Mes Misionero Extraordinario de Octubre es \u201c<strong><em>Bautizados y enviados: la Iglesia de Cristo en misi\u00f3n en el mundo<\/em><\/strong>\u201d.<\/p>\n<p>El Papa Francisco quiere que este mes misionero extraordinario se apoye en estos cuatro puntos:<\/p>\n<p>1. <strong>Un encuentro personal con Jesucristo vivo en su Iglesia:<\/strong> en la Eucarist\u00eda, en la Palabra de Dios y en la oraci\u00f3n personal y comunitaria;<br \/>\n2. <strong>El testimonio:<\/strong> santos misioneros, m\u00e1rtires y confesores de la fe como expresi\u00f3n de la Iglesia extendida por todo el mundo.<br \/>\n3. <strong>La formaci\u00f3n misionera:<\/strong> b\u00edblica, catequ\u00e9tica, espiritual y teol\u00f3gica;<br \/>\n4. <strong>La caridad misionera.<\/strong><\/p>\n<p>Como <strong>SOMOS MISIONEROS<\/strong>, se invita a toda la Congregaci\u00f3n a hacer que este mes extraordinario de la misi\u00f3n sea singular en nuestra Congregaci\u00f3n.<\/p>\n<p>En los pr\u00f3ximos meses se ir\u00e1n incluyendo materiales y reflexiones.<\/p>\n<p>&nbsp;<\/p>\n<p>[envira-gallery id=\u00bb36467&#8243;]<\/p>\n","protected":false},"excerpt":{"rendered":"<p>Roma, Italia. En preparaci\u00f3n para el pr\u00f3ximo MES MISIONERO EXTRAORDINARIO DE OCTUBRE DE 2019, os presentamos la secci\u00f3n del sitio web de la Congregaci\u00f3n: https:\/\/www.claret.org\/extraordinary-mission-month-of-october-2019\/ El 22 de octubre de 2017, D\u00eda Mundial de la Misi\u00f3n, el Papa Francisco anunci\u00f3 p\u00fablicamente a toda la Iglesia su intenci\u00f3n de designar un Mes Misionero Extraordinario del mes [&hellip;]<\/p>\n","protected":false},"author":2,"featured_media":36529,"comment_status":"closed","ping_status":"closed","sticky":false,"template":"","format":"standard","meta":{"_et_pb_use_builder":"","_et_pb_old_content":"","_et_gb_content_width":"","footnotes":""},"categories":[409,608],"tags":[],"class_list":["post-36532","post","type-post","status-publish","format-standard","has-post-thumbnail","hentry","category-apostolado","category-mision-viva"],"jetpack_featured_media_url":"https:\/\/i0.wp.com\/www.claret.org\/wp-content\/uploads\/2018\/12\/Banner-EMMO-2019.jpg?fit=1653%2C882&ssl=1","jetpack_sharing_enabled":true,"jetpack_shortlink":"https:\/\/wp.me\/pdaBmi-9ve","jetpack_likes_enabled":true,"_links":{"self":[{"href":"https:\/\/www.claret.org\/es\/wp-json\/wp\/v2\/posts\/36532","targetHints":{"allow":["GET"]}}],"collection":[{"href":"https:\/\/www.claret.org\/es\/wp-json\/wp\/v2\/posts"}],"about":[{"href":"https:\/\/www.claret.org\/es\/wp-json\/wp\/v2\/types\/post"}],"author":[{"embeddable":true,"href":"https:\/\/www.claret.org\/es\/wp-json\/wp\/v2\/users\/2"}],"replies":[{"embeddable":true,"href":"https:\/\/www.claret.org\/es\/wp-json\/wp\/v2\/comments?post=36532"}],"version-history":[{"count":0,"href":"https:\/\/www.claret.org\/es\/wp-json\/wp\/v2\/posts\/36532\/revisions"}],"wp:featuredmedia":[{"embeddable":true,"href":"https:\/\/www.claret.org\/es\/wp-json\/wp\/v2\/media\/36529"}],"wp:attachment":[{"href":"https:\/\/www.claret.org\/es\/wp-json\/wp\/v2\/media?parent=36532"}],"wp:term":[{"taxonomy":"category","embeddable":true,"href":"https:\/\/www.claret.org\/es\/wp-json\/wp\/v2\/categories?post=36532"},{"taxonomy":"post_tag","embeddable":true,"href":"https:\/\/www.claret.org\/es\/wp-json\/wp\/v2\/tags?post=36532"}],"curies":[{"name":"wp","href":"https:\/\/api.w.org\/{rel}","templated":true}]}}