{"id":36721,"date":"2018-12-05T22:29:55","date_gmt":"2018-12-05T21:29:55","guid":{"rendered":"https:\/\/www.claret.org\/la-fuerza-de-la-vocacion-la-vida-consagrada-hoy\/"},"modified":"2018-12-05T22:29:55","modified_gmt":"2018-12-05T21:29:55","slug":"la-fuerza-de-la-vocacion-la-vida-consagrada-hoy","status":"publish","type":"post","link":"https:\/\/www.claret.org\/es\/la-fuerza-de-la-vocacion-la-vida-consagrada-hoy\/","title":{"rendered":"La fuerza de la vocaci\u00f3n. La vida consagrada hoy."},"content":{"rendered":"<p><strong><img data-recalc-dims=\"1\" loading=\"lazy\" decoding=\"async\" class=\"alignleft wp-image-36619\" src=\"https:\/\/i0.wp.com\/www.claret.org\/wp-content\/uploads\/2018\/12\/cubiertalafuerzadelavocaci%C3%B3n.jpg?resize=333%2C519&#038;ssl=1\" alt=\"\" width=\"333\" height=\"519\" title=\"\" srcset=\"https:\/\/i0.wp.com\/www.claret.org\/wp-content\/uploads\/2018\/12\/cubiertalafuerzadelavocaci%C3%B3n.jpg?w=1579&amp;ssl=1 1579w, https:\/\/i0.wp.com\/www.claret.org\/wp-content\/uploads\/2018\/12\/cubiertalafuerzadelavocaci%C3%B3n.jpg?resize=192%2C300&amp;ssl=1 192w, https:\/\/i0.wp.com\/www.claret.org\/wp-content\/uploads\/2018\/12\/cubiertalafuerzadelavocaci%C3%B3n.jpg?resize=768%2C1197&amp;ssl=1 768w, https:\/\/i0.wp.com\/www.claret.org\/wp-content\/uploads\/2018\/12\/cubiertalafuerzadelavocaci%C3%B3n.jpg?resize=657%2C1024&amp;ssl=1 657w, https:\/\/i0.wp.com\/www.claret.org\/wp-content\/uploads\/2018\/12\/cubiertalafuerzadelavocaci%C3%B3n.jpg?resize=1080%2C1683&amp;ssl=1 1080w\" sizes=\"(max-width: 333px) 100vw, 333px\" \/>Madrid, Espa\u00f1a.<\/strong> El lanzamiento internacional del libro de <em>Publicaciones Claretianas<\/em> &#8211; una entrevista sobre el Papa Francisco &#8211; escrito por su propio Director, el P. Fernando Prado, CMF, titulado \u00ab<em>La fuerza de la vocaci\u00f3n: La vida consagrada hoy, una conversaci\u00f3n con Fernando Prado<\/em>\u00ab, tuvo lugar el 3 de diciembre de 2018 en Madrid. Se organiz\u00f3 una conferencia de prensa en la noche de dicha fecha a la que participaron el Cardenal Aquilino Bocos, Monse\u00f1or  Luis \u00c1ngel de las Heras, Mari\u00f1a R\u00edos de CONFER y otras personas de la prensa.<\/p>\n<p>El libro, que ha sido escrito desde un punto de vista period\u00edstico, con m\u00e1s de sesenta preguntas divididas en tres conjuntos, y las respuestas correspondientes del Papa Francisco, est\u00e1 disponible en 9 idiomas y en 13 publicaciones a lo largo de todo el mundo.<\/p>\n<p>Compra online: <a href=\"http:\/\/www.publicacionesclaretianas.com\/catalog\/la-fuerza-de-la-vocacion\" target=\"_blank\" rel=\"noopener nofollow\">http:\/\/www.publicacionesclaretianas.com\/catalog\/la-fuerza-de-la-vocacion<\/a><\/p>\n","protected":false},"excerpt":{"rendered":"<p>Madrid, Espa\u00f1a. El lanzamiento internacional del libro de Publicaciones Claretianas &#8211; una entrevista sobre el Papa Francisco &#8211; escrito por su propio Director, el P. Fernando Prado, CMF, titulado \u00abLa fuerza de la vocaci\u00f3n: La vida consagrada hoy, una conversaci\u00f3n con Fernando Prado\u00ab, tuvo lugar el 3 de diciembre de 2018 en Madrid. Se organiz\u00f3 [&hellip;]<\/p>\n","protected":false},"author":2,"featured_media":36617,"comment_status":"closed","ping_status":"closed","sticky":false,"template":"","format":"standard","meta":{"_et_pb_use_builder":"","_et_pb_old_content":"","_et_gb_content_width":"","footnotes":""},"categories":[256,504],"tags":[],"class_list":["post-36721","post","type-post","status-publish","format-standard","has-post-thumbnail","hentry","category-claret-publishing-group-es","category-noticias-eclesiales"],"jetpack_featured_media_url":"https:\/\/i0.wp.com\/www.claret.org\/wp-content\/uploads\/2018\/12\/fuerza-de-la-vocaci%C3%B3n.jpg?fit=560%2C280&ssl=1","jetpack_sharing_enabled":true,"jetpack_shortlink":"https:\/\/wp.me\/pdaBmi-9yh","jetpack_likes_enabled":true,"_links":{"self":[{"href":"https:\/\/www.claret.org\/es\/wp-json\/wp\/v2\/posts\/36721","targetHints":{"allow":["GET"]}}],"collection":[{"href":"https:\/\/www.claret.org\/es\/wp-json\/wp\/v2\/posts"}],"about":[{"href":"https:\/\/www.claret.org\/es\/wp-json\/wp\/v2\/types\/post"}],"author":[{"embeddable":true,"href":"https:\/\/www.claret.org\/es\/wp-json\/wp\/v2\/users\/2"}],"replies":[{"embeddable":true,"href":"https:\/\/www.claret.org\/es\/wp-json\/wp\/v2\/comments?post=36721"}],"version-history":[{"count":0,"href":"https:\/\/www.claret.org\/es\/wp-json\/wp\/v2\/posts\/36721\/revisions"}],"wp:featuredmedia":[{"embeddable":true,"href":"https:\/\/www.claret.org\/es\/wp-json\/wp\/v2\/media\/36617"}],"wp:attachment":[{"href":"https:\/\/www.claret.org\/es\/wp-json\/wp\/v2\/media?parent=36721"}],"wp:term":[{"taxonomy":"category","embeddable":true,"href":"https:\/\/www.claret.org\/es\/wp-json\/wp\/v2\/categories?post=36721"},{"taxonomy":"post_tag","embeddable":true,"href":"https:\/\/www.claret.org\/es\/wp-json\/wp\/v2\/tags?post=36721"}],"curies":[{"name":"wp","href":"https:\/\/api.w.org\/{rel}","templated":true}]}}