{"id":36722,"date":"2018-12-05T23:43:58","date_gmt":"2018-12-05T22:43:58","guid":{"rendered":"https:\/\/www.claret.org\/el-fundador-de-hogares-claret-en-drogas-y-adicciones-un-obstaculo-para-el-desarrollo-humano-integral\/"},"modified":"2018-12-05T23:43:58","modified_gmt":"2018-12-05T22:43:58","slug":"el-fundador-de-hogares-claret-en-drogas-y-adicciones-un-obstaculo-para-el-desarrollo-humano-integral","status":"publish","type":"post","link":"https:\/\/www.claret.org\/es\/el-fundador-de-hogares-claret-en-drogas-y-adicciones-un-obstaculo-para-el-desarrollo-humano-integral\/","title":{"rendered":"El Fundador de Hogares Claret en \u201cDROGAS Y ADICCIONES: UN OBST\u00c1CULO PARA EL DESARROLLO HUMANO INTEGRAL\u201d"},"content":{"rendered":"<p><strong>Palacio Apost\u00f3lico, Ciudad del Vaticano.<\/strong> El Fundador de Hogares Claret, P. Gabriel Antonio Mej\u00eda, CMF, fue uno de los asistentes a la Conferencia Internacional sobre \u201cDrogas y Adicciones: Un Obst\u00e1culo para el Desarrollo Humano Integral\u201d, organizado por el Dicasterio para Promover el Desarrollo Humano Integral, y celebrado del 29 de noviembre al 1 de diciembre de 2018 en el Nuevo S\u00ednodo Hall, Ciudad del Vaticano. Los participantes fueron recibidos por el Papa Francisco en el Palacio Apost\u00f3lico en la ma\u00f1ana del 1 de diciembre.<\/p>\n<p>Alocuci\u00f3n del Papa Francisco: <a href=\"http:\/\/w2.vatican.va\/content\/francesco\/en\/speeches\/2018\/december\/documents\/papa-francesco_20181201_conferenza-droga.html\" target=\"_blank\" rel=\"noopener nofollow\">http:\/\/w2.vatican.va\/content\/francesco\/en\/speeches\/2018\/december\/documents\/papa-francesco_20181201_conferenza-droga.html<\/a><\/p>\n","protected":false},"excerpt":{"rendered":"<p>Palacio Apost\u00f3lico, Ciudad del Vaticano. El Fundador de Hogares Claret, P. Gabriel Antonio Mej\u00eda, CMF, fue uno de los asistentes a la Conferencia Internacional sobre \u201cDrogas y Adicciones: Un Obst\u00e1culo para el Desarrollo Humano Integral\u201d, organizado por el Dicasterio para Promover el Desarrollo Humano Integral, y celebrado del 29 de noviembre al 1 de diciembre [&hellip;]<\/p>\n","protected":false},"author":2,"featured_media":36716,"comment_status":"closed","ping_status":"closed","sticky":false,"template":"","format":"standard","meta":{"_et_pb_use_builder":"","_et_pb_old_content":"","_et_gb_content_width":"","footnotes":""},"categories":[376,504,445],"tags":[],"class_list":["post-36722","post","type-post","status-publish","format-standard","has-post-thumbnail","hentry","category-colombia-venezuela-es","category-noticias-eclesiales","category-solidaridad-y-mision"],"jetpack_featured_media_url":"https:\/\/i0.wp.com\/www.claret.org\/wp-content\/uploads\/2018\/12\/El-Papa-saluda-al-P-Gabriel.jpg?fit=959%2C520&ssl=1","jetpack_sharing_enabled":true,"jetpack_shortlink":"https:\/\/wp.me\/pdaBmi-9yi","jetpack_likes_enabled":true,"_links":{"self":[{"href":"https:\/\/www.claret.org\/es\/wp-json\/wp\/v2\/posts\/36722","targetHints":{"allow":["GET"]}}],"collection":[{"href":"https:\/\/www.claret.org\/es\/wp-json\/wp\/v2\/posts"}],"about":[{"href":"https:\/\/www.claret.org\/es\/wp-json\/wp\/v2\/types\/post"}],"author":[{"embeddable":true,"href":"https:\/\/www.claret.org\/es\/wp-json\/wp\/v2\/users\/2"}],"replies":[{"embeddable":true,"href":"https:\/\/www.claret.org\/es\/wp-json\/wp\/v2\/comments?post=36722"}],"version-history":[{"count":0,"href":"https:\/\/www.claret.org\/es\/wp-json\/wp\/v2\/posts\/36722\/revisions"}],"wp:featuredmedia":[{"embeddable":true,"href":"https:\/\/www.claret.org\/es\/wp-json\/wp\/v2\/media\/36716"}],"wp:attachment":[{"href":"https:\/\/www.claret.org\/es\/wp-json\/wp\/v2\/media?parent=36722"}],"wp:term":[{"taxonomy":"category","embeddable":true,"href":"https:\/\/www.claret.org\/es\/wp-json\/wp\/v2\/categories?post=36722"},{"taxonomy":"post_tag","embeddable":true,"href":"https:\/\/www.claret.org\/es\/wp-json\/wp\/v2\/tags?post=36722"}],"curies":[{"name":"wp","href":"https:\/\/api.w.org\/{rel}","templated":true}]}}