{"id":37296,"date":"2018-12-26T17:30:09","date_gmt":"2018-12-26T16:30:09","guid":{"rendered":"https:\/\/www.claret.org\/superior-provincial-de-colombia-venezuela-galardonado-en-los-premios-afrocolombianos-2018-categoria-educacion\/"},"modified":"2018-12-26T17:30:09","modified_gmt":"2018-12-26T16:30:09","slug":"superior-provincial-de-colombia-venezuela-galardonado-en-los-premios-afrocolombianos-2018-categoria-educacion","status":"publish","type":"post","link":"https:\/\/www.claret.org\/es\/superior-provincial-de-colombia-venezuela-galardonado-en-los-premios-afrocolombianos-2018-categoria-educacion\/","title":{"rendered":"Superior Provincial de Colombia &#8211; Venezuela galardonado en los Premios Afrocolombianos 2018 &#8211; Categor\u00eda Educaci\u00f3n"},"content":{"rendered":"<p><strong>Medell\u00edn, Colombia.<\/strong> El Superior Provincial de Colombia &#8211; Venezuela, P. Luis Armando Valencia Valencia, CMF, ha sido proclamado ganador de los Premios Afrocolombianos 2018 en la categor\u00eda de Educaci\u00f3n.<\/p>\n<p>Los Premios, que ense\u00f1an a la sociedad colombiana y a los j\u00f3venes que el color de la piel no implica l\u00edmites para so\u00f1ar, esforzarse y tener \u00e9xito, son organizados anualmente por <em>El Espectador<\/em> y la <em>Fundaci\u00f3n Color de Colombia<\/em>.<\/p>\n<p>M\u00e1s informaci\u00f3n sobre los galardonados y otros detalles: <a href=\"https:\/\/www.elespectador.com\/noticias\/cultura\/afrocolombianos-del-ano-2018-ultimos-nominados-articulo-827520\" target=\"_blank\" rel=\"noopener nofollow\">https:\/\/www.elespectador.com\/noticias\/cultura\/afrocolombianos-del-ano-2018-ultimos-nominados-articulo-827520<\/a><\/p>\n","protected":false},"excerpt":{"rendered":"<p>Medell\u00edn, Colombia. El Superior Provincial de Colombia &#8211; Venezuela, P. Luis Armando Valencia Valencia, CMF, ha sido proclamado ganador de los Premios Afrocolombianos 2018 en la categor\u00eda de Educaci\u00f3n. Los Premios, que ense\u00f1an a la sociedad colombiana y a los j\u00f3venes que el color de la piel no implica l\u00edmites para so\u00f1ar, esforzarse y tener [&hellip;]<\/p>\n","protected":false},"author":2,"featured_media":37284,"comment_status":"closed","ping_status":"closed","sticky":false,"template":"","format":"standard","meta":{"_et_pb_use_builder":"","_et_pb_old_content":"","_et_gb_content_width":"","footnotes":""},"categories":[376,422],"tags":[],"class_list":["post-37296","post","type-post","status-publish","format-standard","has-post-thumbnail","hentry","category-colombia-venezuela-es","category-pastoral-educativa"],"jetpack_featured_media_url":"https:\/\/i0.wp.com\/www.claret.org\/wp-content\/uploads\/2018\/12\/valencia.jpeg?fit=960%2C540&ssl=1","jetpack_sharing_enabled":true,"jetpack_shortlink":"https:\/\/wp.me\/pdaBmi-9Hy","jetpack_likes_enabled":true,"_links":{"self":[{"href":"https:\/\/www.claret.org\/es\/wp-json\/wp\/v2\/posts\/37296","targetHints":{"allow":["GET"]}}],"collection":[{"href":"https:\/\/www.claret.org\/es\/wp-json\/wp\/v2\/posts"}],"about":[{"href":"https:\/\/www.claret.org\/es\/wp-json\/wp\/v2\/types\/post"}],"author":[{"embeddable":true,"href":"https:\/\/www.claret.org\/es\/wp-json\/wp\/v2\/users\/2"}],"replies":[{"embeddable":true,"href":"https:\/\/www.claret.org\/es\/wp-json\/wp\/v2\/comments?post=37296"}],"version-history":[{"count":0,"href":"https:\/\/www.claret.org\/es\/wp-json\/wp\/v2\/posts\/37296\/revisions"}],"wp:featuredmedia":[{"embeddable":true,"href":"https:\/\/www.claret.org\/es\/wp-json\/wp\/v2\/media\/37284"}],"wp:attachment":[{"href":"https:\/\/www.claret.org\/es\/wp-json\/wp\/v2\/media?parent=37296"}],"wp:term":[{"taxonomy":"category","embeddable":true,"href":"https:\/\/www.claret.org\/es\/wp-json\/wp\/v2\/categories?post=37296"},{"taxonomy":"post_tag","embeddable":true,"href":"https:\/\/www.claret.org\/es\/wp-json\/wp\/v2\/tags?post=37296"}],"curies":[{"name":"wp","href":"https:\/\/api.w.org\/{rel}","templated":true}]}}