{"id":37760,"date":"2019-01-04T12:16:25","date_gmt":"2019-01-04T11:16:25","guid":{"rendered":"https:\/\/www.claret.org\/toma-de-posesion-del-gobierno-provincial-de-fatima\/"},"modified":"2019-01-04T12:16:25","modified_gmt":"2019-01-04T11:16:25","slug":"toma-de-posesion-del-gobierno-provincial-de-fatima","status":"publish","type":"post","link":"https:\/\/www.claret.org\/es\/toma-de-posesion-del-gobierno-provincial-de-fatima\/","title":{"rendered":"Toma de posesi\u00f3n del Gobierno Provincial de F\u00e1tima"},"content":{"rendered":"<p><strong>Lisboa, Portugal.<\/strong> En una celebraci\u00f3n eucar\u00edstica en Lisboa el d\u00eda 3 de enero de 2019, tom\u00f3 posesi\u00f3n el nuevo Gobierno Provincial de F\u00e1tima. El P. Carlos Alberto Candeias do Nascimento, CMF tom\u00f3 posesi\u00f3n como Superior Provincial de este Organismo reci\u00e9n erigido. Tambi\u00e9n estuvieron presentes dos miembros del Consejo: los PP. Jorge Ram\u00f3n S\u00e1nchez Palacios, y Manuel Ricardo Segura Gir\u00e1ldez, CMFF. Algunos de los miembros de los Gobiernos de los Organismos Mayores anteriores, y que ahora forman parte de F\u00e1tima, as\u00ed como otros miembros de las Comunidades Locales, tambi\u00e9n estuvieron presentes en este significativo evento.<\/p>\n<p>El P. Carlos Alberto Candeias do Nascimento, CMF, naci\u00f3 el 29 de julio de 1968 en Nazar\u00e9, Angola, Di\u00f3cesis de Luanda. Hizo su Primera Profesi\u00f3n en la Congregaci\u00f3n el 19 de septiembre de 1987 en F\u00e1tima, Portugal, y sus Votos Perpetuos en el mismo lugar el 4 de septiembre de 1992. Fue ordenado sacerdote el 30 de octubre de 1994 en Pedroso, una antigua parroquia civil en el municipio de Vila Nova de Gaia, Portugal. Con anterioridad, \u00e9l ha sido el Provincial de la Provincia de Portugal antes de la fusi\u00f3n de los tres Organismos en la nueva Provincia de F\u00e1tima.<\/p>\n<p><strong>Superior Provincial:<\/strong> <em>P. Carlos Alberto Candeias do Nascimento, CMF<br \/>\n<\/em><strong>Consultores:<\/strong> <em>PP. <\/em><em>Jorge Ram\u00f3n S\u00e1nchez Palacios, Paul Smyth, Jo\u00e3o Luis Alves Escaleira, CMFF<\/em><br \/>\n<strong>Consultor-Ec\u00f3nomo:<\/strong> <em>P. Manuel Ricardo Segura Gir\u00e1ldez, CMF<\/em><\/p>\n","protected":false},"excerpt":{"rendered":"<p>Lisboa, Portugal. En una celebraci\u00f3n eucar\u00edstica en Lisboa el d\u00eda 3 de enero de 2019, tom\u00f3 posesi\u00f3n el nuevo Gobierno Provincial de F\u00e1tima. El P. Carlos Alberto Candeias do Nascimento, CMF tom\u00f3 posesi\u00f3n como Superior Provincial de este Organismo reci\u00e9n erigido. Tambi\u00e9n estuvieron presentes dos miembros del Consejo: los PP. Jorge Ram\u00f3n S\u00e1nchez Palacios, y [&hellip;]<\/p>\n","protected":false},"author":2,"featured_media":37753,"comment_status":"closed","ping_status":"closed","sticky":false,"template":"","format":"standard","meta":{"_et_pb_use_builder":"","_et_pb_old_content":"","_et_gb_content_width":"","footnotes":""},"categories":[316],"tags":[],"class_list":["post-37760","post","type-post","status-publish","format-standard","has-post-thumbnail","hentry","category-fatima-es"],"jetpack_featured_media_url":"https:\/\/i0.wp.com\/www.claret.org\/wp-content\/uploads\/2019\/01\/Fatima-gobierno-toma-de-posesi%C3%B3n.jpg?fit=1584%2C893&ssl=1","jetpack_sharing_enabled":true,"jetpack_shortlink":"https:\/\/wp.me\/pdaBmi-9P2","jetpack_likes_enabled":true,"_links":{"self":[{"href":"https:\/\/www.claret.org\/es\/wp-json\/wp\/v2\/posts\/37760","targetHints":{"allow":["GET"]}}],"collection":[{"href":"https:\/\/www.claret.org\/es\/wp-json\/wp\/v2\/posts"}],"about":[{"href":"https:\/\/www.claret.org\/es\/wp-json\/wp\/v2\/types\/post"}],"author":[{"embeddable":true,"href":"https:\/\/www.claret.org\/es\/wp-json\/wp\/v2\/users\/2"}],"replies":[{"embeddable":true,"href":"https:\/\/www.claret.org\/es\/wp-json\/wp\/v2\/comments?post=37760"}],"version-history":[{"count":0,"href":"https:\/\/www.claret.org\/es\/wp-json\/wp\/v2\/posts\/37760\/revisions"}],"wp:featuredmedia":[{"embeddable":true,"href":"https:\/\/www.claret.org\/es\/wp-json\/wp\/v2\/media\/37753"}],"wp:attachment":[{"href":"https:\/\/www.claret.org\/es\/wp-json\/wp\/v2\/media?parent=37760"}],"wp:term":[{"taxonomy":"category","embeddable":true,"href":"https:\/\/www.claret.org\/es\/wp-json\/wp\/v2\/categories?post=37760"},{"taxonomy":"post_tag","embeddable":true,"href":"https:\/\/www.claret.org\/es\/wp-json\/wp\/v2\/tags?post=37760"}],"curies":[{"name":"wp","href":"https:\/\/api.w.org\/{rel}","templated":true}]}}