{"id":37800,"date":"2018-02-22T22:19:56","date_gmt":"2018-02-22T21:19:56","guid":{"rendered":"https:\/\/www.claret.org\/90-anos-de-vida-50-anos-de-presencia-en-brasil\/"},"modified":"2018-02-22T22:19:56","modified_gmt":"2018-02-22T21:19:56","slug":"90-anos-de-vida-50-anos-de-presencia-en-brasil","status":"publish","type":"post","link":"https:\/\/www.claret.org\/es\/90-anos-de-vida-50-anos-de-presencia-en-brasil\/","title":{"rendered":"90 a\u00f1os de vida, 50 a\u00f1os de presencia en Brasil"},"content":{"rendered":"<p><strong><img data-recalc-dims=\"1\" loading=\"lazy\" decoding=\"async\" class=\"wp-image-26832 alignright\" src=\"https:\/\/i0.wp.com\/www.claret.org\/wp-content\/uploads\/2018\/08\/27972047_1599953346751329_798401404408235545_n.jpg?resize=342%2C513&#038;ssl=1\" alt=\"\" width=\"342\" height=\"513\" title=\"\" srcset=\"https:\/\/i0.wp.com\/www.claret.org\/wp-content\/uploads\/2018\/08\/27972047_1599953346751329_798401404408235545_n.jpg?w=480&amp;ssl=1 480w, https:\/\/i0.wp.com\/www.claret.org\/wp-content\/uploads\/2018\/08\/27972047_1599953346751329_798401404408235545_n.jpg?resize=200%2C300&amp;ssl=1 200w\" sizes=\"(max-width: 342px) 100vw, 342px\" \/>S\u00e3o F\u00e9lix da Araguaia, Brasil. <\/strong>En el 90 cumplea\u00f1os de Monse\u00f1or Pedro Casald\u00e1liga, CMF, invitados de todas las latitudes latinoamericanas, principalmente de las comunidades e instituciones de Mato Grasso, llegaron al Centro Comunitario de S\u00e3o F\u00e9lix da Araguaia para la Misa de Acci\u00f3n de Gracias por su 90 cumplea\u00f1os y los 50 a\u00f1os de su llegada a Brasil. La Misa fue presidida por Su Excelencia, el Reverend\u00edsimo Adriano Vasino, Obispo de S\u00e3o F\u00e9lix da Araguaia, y concelebrada por Su Excelencia el Reverend\u00edsimo Eugenio Rixen, Obispo de Goi\u00e1s Velho, y decenas de sacerdotes. Tambi\u00e9n hubo numerosos religiosos que estuvieron presentes. El P. Artur Teixeira, CMF, Prefecto General de Apostolado, se hizo presente para compartir personalmente los buenos deseos del Gobierno General y de toda la Congregaci\u00f3n al celebrante en este evento trascendental.<\/p>\n<p>Antes de la Liturgia de la Palabra, se evocaron la llegada de Pedro Casald\u00e1liga a la Prelatura, la persecuci\u00f3n y el martirio del P. Jo\u00e3o Bosco, la llegada de la enfermedad y los signos de esperanza para las generaciones futuras. Los s\u00edmbolos de la tribu Karaj\u00e1, una cruz con la camiseta del P. Jo\u00e3o Bosco, una llama y unas flores que se distribuyeron a lo largo de la asamblea, se presentaron al homenajeado. Al final de la celebraci\u00f3n, los invitados se le acercaron para saludarlo personalmente y realizarse con \u00e9l unas fotos.<\/p>\n<p>Toda la Congregaci\u00f3n agradece tanto al Se\u00f1or el don de la persona de este amigo y hermano nuestro, como al mismo Pedro su dedicaci\u00f3n y servicio al Pueblo de Dios y a la Congregaci\u00f3n.<\/p>\n<p>Pere Casald\u00e0liga i Pla (<em>nombre real en catal\u00e1n<\/em>), nacido en 1928, es catal\u00e1n de nacimiento y obispo em\u00e9rito de S\u00e3o F\u00e9lix do Araguaia, Brasil. \u00c9l es uno de los miembros m\u00e1s conocidos de la Teolog\u00eda de la Liberaci\u00f3n. Ha recibido numerosos premios, incluido el Premio Internacional de Catalu\u00f1a en 2006, es bien conocido por su trabajo en apoyo de los pueblos ind\u00edgenas, y ha publicado al menos diez vol\u00famenes de poes\u00eda.<\/p>\n<p>[envira-gallery id=\u00bb26795&#8243;]<\/p>\n","protected":false},"excerpt":{"rendered":"<p>S\u00e3o F\u00e9lix da Araguaia, Brasil. En el 90 cumplea\u00f1os de Monse\u00f1or Pedro Casald\u00e1liga, CMF, invitados de todas las latitudes latinoamericanas, principalmente de las comunidades e instituciones de Mato Grasso, llegaron al Centro Comunitario de S\u00e3o F\u00e9lix da Araguaia para la Misa de Acci\u00f3n de Gracias por su 90 cumplea\u00f1os y los 50 a\u00f1os de su [&hellip;]<\/p>\n","protected":false},"author":2,"featured_media":26855,"comment_status":"closed","ping_status":"closed","sticky":false,"template":"","format":"standard","meta":{"_et_pb_use_builder":"","_et_pb_old_content":"","_et_gb_content_width":"","footnotes":""},"categories":[364,566],"tags":[],"class_list":["post-37800","post","type-post","status-publish","format-standard","has-post-thumbnail","hentry","category-brasil-es","category-cardenales-y-obispos"],"jetpack_featured_media_url":"https:\/\/i0.wp.com\/www.claret.org\/wp-content\/uploads\/2018\/08\/27973852_1599953273418003_6069726333837526411_n.jpg?fit=720%2C480&ssl=1","jetpack_sharing_enabled":true,"jetpack_shortlink":"https:\/\/wp.me\/pdaBmi-9PG","jetpack_likes_enabled":true,"_links":{"self":[{"href":"https:\/\/www.claret.org\/es\/wp-json\/wp\/v2\/posts\/37800","targetHints":{"allow":["GET"]}}],"collection":[{"href":"https:\/\/www.claret.org\/es\/wp-json\/wp\/v2\/posts"}],"about":[{"href":"https:\/\/www.claret.org\/es\/wp-json\/wp\/v2\/types\/post"}],"author":[{"embeddable":true,"href":"https:\/\/www.claret.org\/es\/wp-json\/wp\/v2\/users\/2"}],"replies":[{"embeddable":true,"href":"https:\/\/www.claret.org\/es\/wp-json\/wp\/v2\/comments?post=37800"}],"version-history":[{"count":0,"href":"https:\/\/www.claret.org\/es\/wp-json\/wp\/v2\/posts\/37800\/revisions"}],"wp:featuredmedia":[{"embeddable":true,"href":"https:\/\/www.claret.org\/es\/wp-json\/wp\/v2\/media\/26855"}],"wp:attachment":[{"href":"https:\/\/www.claret.org\/es\/wp-json\/wp\/v2\/media?parent=37800"}],"wp:term":[{"taxonomy":"category","embeddable":true,"href":"https:\/\/www.claret.org\/es\/wp-json\/wp\/v2\/categories?post=37800"},{"taxonomy":"post_tag","embeddable":true,"href":"https:\/\/www.claret.org\/es\/wp-json\/wp\/v2\/tags?post=37800"}],"curies":[{"name":"wp","href":"https:\/\/api.w.org\/{rel}","templated":true}]}}