{"id":40523,"date":"2019-02-01T08:59:39","date_gmt":"2019-02-01T07:59:39","guid":{"rendered":"https:\/\/www.claret.org\/?p=40523"},"modified":"2019-02-01T08:59:39","modified_gmt":"2019-02-01T07:59:39","slug":"presentacion-del-libro-la-fuerza-de-la-vocacion-la-vida-consagrada-hoy","status":"publish","type":"post","link":"https:\/\/www.claret.org\/es\/presentacion-del-libro-la-fuerza-de-la-vocacion-la-vida-consagrada-hoy\/","title":{"rendered":"Presentaci\u00f3n del libro \u201cLa fuerza de la vocaci\u00f3n. La vida consagrada hoy\u201d"},"content":{"rendered":"<p><strong>Roma, Italia.<\/strong> El martes 29 tuvo lugar en la Embajada de Espa\u00f1a ante la Santa Sede, en Roma, la presentaci\u00f3n del libro \u201cLa fuerza de la vocaci\u00f3n. La vida consagrada hoy\u201d, que recoge cuatro horas de conversaci\u00f3n de Fernando Prado cmf con el Papa Francisco, editado por Publicaciones Claretianas de Madrid y que se ha traducido ya a 12 lenguas.<\/p>\n<p>El acto dio comienzo a las 16 de la tarde con un saludo de la Sra. Embajadora, M\u00aa del Carmen de la Pe\u00f1a, que agradeci\u00f3 a los claretianos la deferencia de presentar el libro en esta sede. Intervinieron en el acto nuestro Cardenal Aquilino Bocos, el Secretario de la Congregaci\u00f3n para los religiosos, Mons. Rodr\u00edguez Carballo OFM, la Hermana Sof\u00eda Contreras, Hija de Jes\u00fas, y el mismo autor, Fernando Prado. El director de la revista \u201cVida Nueva\u201d, Jos\u00e9 Beltr\u00e1n, fue haciendo preguntas a los ponentes de modo que en conjunto se desarroll\u00f3 todo de un modo \u00e1gil y atractivo.<\/p>\n<p>El Cardenal Bocos resalt\u00f3 que leyendo la conversaci\u00f3n, el lector se siente envuelto, implicado e interpelado. El Papa Francisco es un hombre creyente y coherente. Aunque aparentemente se lee el texto con facilidad, tiene un trasfondo muy profundo. Subray\u00f3 estos acentos: La persona de Jes\u00fas, que es la fuerza de la vocaci\u00f3n; la eclesiolog\u00eda del Pueblo de Dios; la trilog\u00eda: carisma, misi\u00f3n y profec\u00eda; los procesos de crecimiento; el m\u00e9todo: discernimiento  y opci\u00f3n por los pobres; y  la fecundidad.<\/p>\n<p>Por su parte, Mons. Carballo insisti\u00f3 en el valor evang\u00e9lico y prof\u00e9tico de la vida religiosa, y previno del peligro se\u00f1alado por el Papa de \u201cideologizarla\u201d y \u201cmundanizarla\u201d. Respondiendo a una pregunta que se le formul\u00f3 directamente explic\u00f3 que se debe acompa\u00f1ar muy de cerca a los nuevos Institutos (nuevas formas) de vida consagrada; a algunos ha habido que comisariarlos.<\/p>\n<p>Hablando del papel de la religiosa, la Hna. Contreras clarific\u00f3 que el tema no se debe centrar en el \u201csacerdocio de las mujeres, sino en la aportaci\u00f3n que como mujeres pueden hacer a la Iglesia, porque la iglesia es masculina y femenina, porque todos somos Iglesia y prescindir de las mujeres empobrecer\u00eda a la misma Iglesia.<\/p>\n<p>Fernando Prado abri\u00f3 y cerr\u00f3 el acto explicando c\u00f3mo consigui\u00f3 y c\u00f3mo se produjo esta entrevista y resalt\u00f3 el trato humano, cordial y confiado del Papa Francisco. Explico que no tuvo que enviarle previamente las preguntas, sino que el Papa fue respondiendo a todo lo que le planteaba con mucha sencillez y valent\u00eda, sin temor a abordar problemas espinosos de actualidad.  Agradeci\u00f3, finalmente, a la Embajadora y al Consejero de cultura su disponibilidad y colaboraci\u00f3n.<\/p>\n<p>Los ecos recogidos han sido muy elogiosos para Publicaciones Claretianas por el contenido  y la organizaci\u00f3n del acto   Al final la Embajada ofreci\u00f3 un vino espa\u00f1ol.<\/p>\n<p><img data-recalc-dims=\"1\" loading=\"lazy\" decoding=\"async\" class=\"alignnone size-full wp-image-40505\" src=\"https:\/\/i0.wp.com\/www.claret.org\/wp-content\/uploads\/2019\/02\/CG-20190129-Presentaci%C3%B3n-del-libro-4.jpeg?resize=1024%2C768&#038;ssl=1\" alt=\"\" width=\"1024\" height=\"768\" title=\"\" srcset=\"https:\/\/i0.wp.com\/www.claret.org\/wp-content\/uploads\/2019\/02\/CG-20190129-Presentaci%C3%B3n-del-libro-4.jpeg?w=1024&amp;ssl=1 1024w, https:\/\/i0.wp.com\/www.claret.org\/wp-content\/uploads\/2019\/02\/CG-20190129-Presentaci%C3%B3n-del-libro-4.jpeg?resize=300%2C225&amp;ssl=1 300w, https:\/\/i0.wp.com\/www.claret.org\/wp-content\/uploads\/2019\/02\/CG-20190129-Presentaci%C3%B3n-del-libro-4.jpeg?resize=768%2C576&amp;ssl=1 768w\" sizes=\"(max-width: 1024px) 100vw, 1024px\" \/> <img data-recalc-dims=\"1\" loading=\"lazy\" decoding=\"async\" class=\"alignnone size-full wp-image-40511\" src=\"https:\/\/i0.wp.com\/www.claret.org\/wp-content\/uploads\/2019\/02\/CG-20190129-Presentaci%C3%B3n-del-libro-3.jpeg?resize=1024%2C768&#038;ssl=1\" alt=\"\" width=\"1024\" height=\"768\" title=\"\" srcset=\"https:\/\/i0.wp.com\/www.claret.org\/wp-content\/uploads\/2019\/02\/CG-20190129-Presentaci%C3%B3n-del-libro-3.jpeg?w=1024&amp;ssl=1 1024w, https:\/\/i0.wp.com\/www.claret.org\/wp-content\/uploads\/2019\/02\/CG-20190129-Presentaci%C3%B3n-del-libro-3.jpeg?resize=300%2C225&amp;ssl=1 300w, https:\/\/i0.wp.com\/www.claret.org\/wp-content\/uploads\/2019\/02\/CG-20190129-Presentaci%C3%B3n-del-libro-3.jpeg?resize=768%2C576&amp;ssl=1 768w\" sizes=\"(max-width: 1024px) 100vw, 1024px\" \/><\/p>\n","protected":false},"excerpt":{"rendered":"<p>Roma, Italia. El martes 29 tuvo lugar en la Embajada de Espa\u00f1a ante la Santa Sede, en Roma, la presentaci\u00f3n del libro \u201cLa fuerza de la vocaci\u00f3n. La vida consagrada hoy\u201d, que recoge cuatro horas de conversaci\u00f3n de Fernando Prado cmf con el Papa Francisco, editado por Publicaciones Claretianas de Madrid y que se ha [&hellip;]<\/p>\n","protected":false},"author":2,"featured_media":40522,"comment_status":"closed","ping_status":"closed","sticky":false,"template":"","format":"standard","meta":{"_et_pb_use_builder":"","_et_pb_old_content":"","_et_gb_content_width":"","footnotes":""},"categories":[1551,566,256,417],"tags":[],"class_list":["post-40523","post","type-post","status-publish","format-standard","has-post-thumbnail","hentry","category-aquilino-bocos-merino-es","category-cardenales-y-obispos","category-claret-publishing-group-es","category-vida-consagrada"],"jetpack_featured_media_url":"https:\/\/i0.wp.com\/www.claret.org\/wp-content\/uploads\/2019\/02\/CG-20190129-Presentaci%C3%B3n-del-libro-1.jpeg?fit=1024%2C768&ssl=1","jetpack_sharing_enabled":true,"jetpack_shortlink":"https:\/\/wp.me\/pdaBmi-axB","jetpack_likes_enabled":true,"_links":{"self":[{"href":"https:\/\/www.claret.org\/es\/wp-json\/wp\/v2\/posts\/40523","targetHints":{"allow":["GET"]}}],"collection":[{"href":"https:\/\/www.claret.org\/es\/wp-json\/wp\/v2\/posts"}],"about":[{"href":"https:\/\/www.claret.org\/es\/wp-json\/wp\/v2\/types\/post"}],"author":[{"embeddable":true,"href":"https:\/\/www.claret.org\/es\/wp-json\/wp\/v2\/users\/2"}],"replies":[{"embeddable":true,"href":"https:\/\/www.claret.org\/es\/wp-json\/wp\/v2\/comments?post=40523"}],"version-history":[{"count":0,"href":"https:\/\/www.claret.org\/es\/wp-json\/wp\/v2\/posts\/40523\/revisions"}],"wp:featuredmedia":[{"embeddable":true,"href":"https:\/\/www.claret.org\/es\/wp-json\/wp\/v2\/media\/40522"}],"wp:attachment":[{"href":"https:\/\/www.claret.org\/es\/wp-json\/wp\/v2\/media?parent=40523"}],"wp:term":[{"taxonomy":"category","embeddable":true,"href":"https:\/\/www.claret.org\/es\/wp-json\/wp\/v2\/categories?post=40523"},{"taxonomy":"post_tag","embeddable":true,"href":"https:\/\/www.claret.org\/es\/wp-json\/wp\/v2\/tags?post=40523"}],"curies":[{"name":"wp","href":"https:\/\/api.w.org\/{rel}","templated":true}]}}