{"id":41698,"date":"2019-02-13T08:21:23","date_gmt":"2019-02-13T07:21:23","guid":{"rendered":"https:\/\/www.claret.org\/mensaje-del-padre-general-para-el-funeral-por-el-cardenal-fernando-sebastian-aguilar-cmf\/"},"modified":"2019-02-13T08:21:23","modified_gmt":"2019-02-13T07:21:23","slug":"mensaje-del-padre-general-para-el-funeral-por-el-cardenal-fernando-sebastian-aguilar-cmf","status":"publish","type":"post","link":"https:\/\/www.claret.org\/es\/mensaje-del-padre-general-para-el-funeral-por-el-cardenal-fernando-sebastian-aguilar-cmf\/","title":{"rendered":"Mensaje del Padre General para el funeral por el Cardenal Fernando Sebasti\u00e1n Aguilar, CMF"},"content":{"rendered":"<p>Con mucho agrado me uno a todos ustedes para agradecer al Se\u00f1or el don que Su Eminencia el Cardenal Fernando Sebasti\u00e1n ha supuesto para nuestra congregaci\u00f3n y para la Iglesia. Siempre me ha impresionado con cu\u00e1nta belleza, claridad y coherencia combin\u00f3 en s\u00ed el P. Fernando las diferentes llamadas que hab\u00eda recibido del Se\u00f1or. Su vocaci\u00f3n misionera claretiana enriqueci\u00f3 su amor y servicio a la Iglesia como Obispo y como Cardenal. Quiz\u00e1 aprendi\u00f3 a ello de nuestro Fundador, que encarn\u00f3 ejemplarmente el arte de ser obispo misionero.<\/p>\n<p>Como Obispo, el P. Fernando se esforz\u00f3 para entrar en di\u00e1logo con las realidades sociales y eclesiales de Espa\u00f1a con fortaleza prof\u00e9tica, como un hombre lleno del fuego del amor de Dios, como un testigo cre\u00edble del Evangelio de la alegr\u00eda y la esperanza.<\/p>\n<p>Entre nosotros, claretianos, ha sido un hermano mayor entra\u00f1able, que nos edificaba con su sencillez de vida y la lucidez de su mirada al presente y al futuro. Su recuerdo nos inspira y lo seguir\u00e1 haciendo. En esta nueva etapa nuestro hermano Cardenal intercede por nosotros.<\/p>\n<p>P. Mathew Vattamattam, cmf<\/p>\n","protected":false},"excerpt":{"rendered":"<p>Con mucho agrado me uno a todos ustedes para agradecer al Se\u00f1or el don que Su Eminencia el Cardenal Fernando Sebasti\u00e1n ha supuesto para nuestra congregaci\u00f3n y para la Iglesia. Siempre me ha impresionado con cu\u00e1nta belleza, claridad y coherencia combin\u00f3 en s\u00ed el P. Fernando las diferentes llamadas que hab\u00eda recibido del Se\u00f1or. Su [&hellip;]<\/p>\n","protected":false},"author":2,"featured_media":41696,"comment_status":"closed","ping_status":"closed","sticky":false,"template":"","format":"standard","meta":{"_et_pb_use_builder":"","_et_pb_old_content":"","_et_gb_content_width":"","footnotes":""},"categories":[566,607],"tags":[],"class_list":["post-41698","post","type-post","status-publish","format-standard","has-post-thumbnail","hentry","category-cardenales-y-obispos","category-tablero"],"jetpack_featured_media_url":"https:\/\/i0.wp.com\/www.claret.org\/wp-content\/uploads\/2019\/02\/Fernando-Sebastian.jpg?fit=750%2C530&ssl=1","jetpack_sharing_enabled":true,"jetpack_shortlink":"https:\/\/wp.me\/pdaBmi-aQy","jetpack_likes_enabled":true,"_links":{"self":[{"href":"https:\/\/www.claret.org\/es\/wp-json\/wp\/v2\/posts\/41698","targetHints":{"allow":["GET"]}}],"collection":[{"href":"https:\/\/www.claret.org\/es\/wp-json\/wp\/v2\/posts"}],"about":[{"href":"https:\/\/www.claret.org\/es\/wp-json\/wp\/v2\/types\/post"}],"author":[{"embeddable":true,"href":"https:\/\/www.claret.org\/es\/wp-json\/wp\/v2\/users\/2"}],"replies":[{"embeddable":true,"href":"https:\/\/www.claret.org\/es\/wp-json\/wp\/v2\/comments?post=41698"}],"version-history":[{"count":0,"href":"https:\/\/www.claret.org\/es\/wp-json\/wp\/v2\/posts\/41698\/revisions"}],"wp:featuredmedia":[{"embeddable":true,"href":"https:\/\/www.claret.org\/es\/wp-json\/wp\/v2\/media\/41696"}],"wp:attachment":[{"href":"https:\/\/www.claret.org\/es\/wp-json\/wp\/v2\/media?parent=41698"}],"wp:term":[{"taxonomy":"category","embeddable":true,"href":"https:\/\/www.claret.org\/es\/wp-json\/wp\/v2\/categories?post=41698"},{"taxonomy":"post_tag","embeddable":true,"href":"https:\/\/www.claret.org\/es\/wp-json\/wp\/v2\/tags?post=41698"}],"curies":[{"name":"wp","href":"https:\/\/api.w.org\/{rel}","templated":true}]}}