{"id":44008,"date":"2019-04-11T17:19:30","date_gmt":"2019-04-11T15:19:30","guid":{"rendered":"https:\/\/www.claret.org\/?p=44008"},"modified":"2019-04-11T18:09:48","modified_gmt":"2019-04-11T16:09:48","slug":"encuentro-nuevas-generaciones-neiva","status":"publish","type":"post","link":"https:\/\/www.claret.org\/es\/encuentro-nuevas-generaciones-neiva\/","title":{"rendered":"ENCUENTRO DE NUEVAS GENERACIONES &#8211; NEIVA"},"content":{"rendered":"\n<p><strong>Neiva, Colombia<\/strong>. El d\u00eda 6 de abril se dieron cita en la ciudad de Neiva, para realizar el encuentro de Nuevas Generaciones, un total de 120 personas, de ellos 110 entre ni\u00f1os y j\u00f3venes, los restantes catequistas y padres de familia que acompa\u00f1aban. El tema del encuentro gir\u00f3 entorno a la identidad claretiana. El Superior Provincial P. Josu\u00e9 Gonz\u00e1lez, CMF, ofreci\u00f3 el saludo de bienvenida invitando a valorar y cuidar la vida. Tras el mismo, el Prefecto de Apostolado, P. Enrique Aponte, CMF, inaugur\u00f3 la jornada de trabajo y present\u00f3 la agenda que tuvo los siguientes momentos: oraci\u00f3n, formaci\u00f3n, y espiritualidad. El trabajo fue acompa\u00f1ado por el Estudiante Omar Guarguati, y los responsables de la Parroquia y del Colegio, Milton Casas y Len\u00eds G\u00f3ngora. Hay que agradecer a la comunidad local, a la Parroquia y al Colegio Claretiano de Neiva su participaci\u00f3n, disposici\u00f3n y aporte en el desarrollo de este evento.<\/p>\n","protected":false},"excerpt":{"rendered":"","protected":false},"author":3,"featured_media":44009,"comment_status":"closed","ping_status":"closed","sticky":false,"template":"","format":"standard","meta":{"_et_pb_use_builder":"off","_et_pb_old_content":"","_et_gb_content_width":"","footnotes":""},"categories":[378,356],"tags":[],"class_list":["post-44008","post","type-post","status-publish","format-standard","has-post-thumbnail","hentry","category-colombia-oriental-ecuador-es","category-micla-es"],"jetpack_featured_media_url":"https:\/\/i0.wp.com\/www.claret.org\/wp-content\/uploads\/2019\/04\/Neiva-1.jpg?fit=1032%2C774&ssl=1","jetpack_sharing_enabled":true,"jetpack_shortlink":"https:\/\/wp.me\/pdaBmi-brO","jetpack_likes_enabled":true,"_links":{"self":[{"href":"https:\/\/www.claret.org\/es\/wp-json\/wp\/v2\/posts\/44008","targetHints":{"allow":["GET"]}}],"collection":[{"href":"https:\/\/www.claret.org\/es\/wp-json\/wp\/v2\/posts"}],"about":[{"href":"https:\/\/www.claret.org\/es\/wp-json\/wp\/v2\/types\/post"}],"author":[{"embeddable":true,"href":"https:\/\/www.claret.org\/es\/wp-json\/wp\/v2\/users\/3"}],"replies":[{"embeddable":true,"href":"https:\/\/www.claret.org\/es\/wp-json\/wp\/v2\/comments?post=44008"}],"version-history":[{"count":0,"href":"https:\/\/www.claret.org\/es\/wp-json\/wp\/v2\/posts\/44008\/revisions"}],"wp:featuredmedia":[{"embeddable":true,"href":"https:\/\/www.claret.org\/es\/wp-json\/wp\/v2\/media\/44009"}],"wp:attachment":[{"href":"https:\/\/www.claret.org\/es\/wp-json\/wp\/v2\/media?parent=44008"}],"wp:term":[{"taxonomy":"category","embeddable":true,"href":"https:\/\/www.claret.org\/es\/wp-json\/wp\/v2\/categories?post=44008"},{"taxonomy":"post_tag","embeddable":true,"href":"https:\/\/www.claret.org\/es\/wp-json\/wp\/v2\/tags?post=44008"}],"curies":[{"name":"wp","href":"https:\/\/api.w.org\/{rel}","templated":true}]}}