{"id":44421,"date":"2019-04-26T15:33:26","date_gmt":"2019-04-26T13:33:26","guid":{"rendered":"https:\/\/www.claret.org\/celebracion-de-pascua-con-migrantes-y-refugiados\/"},"modified":"2019-04-26T15:38:51","modified_gmt":"2019-04-26T13:38:51","slug":"celebracion-de-pascua-con-migrantes-y-refugiados","status":"publish","type":"post","link":"https:\/\/www.claret.org\/es\/celebracion-de-pascua-con-migrantes-y-refugiados\/","title":{"rendered":"Celebraci\u00f3n de Pascua con migrantes y refugiados"},"content":{"rendered":"<strong>Bucheon, South Korea<\/strong>. Fue un d\u00eda de alegr\u00eda para los miembros de la comunidad migrante de St. Claret el hecho de celebrar la Santa Eucarist\u00eda con los migrantes y los refugiados en el Domingo de Pascua. Hubo 85 inmigrantes y refugiados de Filipinas, Vietnam, Sri Lanka, M\u00e9xico, India, Camboya y Etiop\u00eda. La solemne celebraci\u00f3n eucar\u00edstica comenz\u00f3 a las 11.30 am del Domingo 21, presidida por los sacerdotes de nuestra comunidad migrante de St. Claret. Despu\u00e9s de la Sagrada Eucarist\u00eda, hubo una comida deliciosa preparada por voluntarios claretianos y migrantes. Fue un momento de felicidad para todos los miembros de la comunidad migrante de St. Claret el poder celebrar la Resurrecci\u00f3n de nuestro Se\u00f1or con migrantes y refugiados. La celebraci\u00f3n de la Pascua fue tambi\u00e9n una ocasi\u00f3n para presentar nuestro centro y ministerio para migrantes de St. Claret a los migrantes y refugiados que son de diversos pa\u00edses, y tambi\u00e9n para organizar a los migrantes y refugiados dispersos en el \u00e1rea de Bucheon, en la Di\u00f3cesis de Incheon. Esta iniciativa de Misionero Claretianos de la Delegaci\u00f3n de Korea tambi\u00e9n ha sido una oportunidad para que los migrantes y los refugiados obtengan asesoramiento gratuito, asistencia pastoral, m\u00e9dica, legal, apoyo y acceso a un refugio temporal para mujeres en el Centro de Migrantes de St. Claret.","protected":false},"excerpt":{"rendered":"","protected":false},"author":3,"featured_media":44419,"comment_status":"closed","ping_status":"closed","sticky":false,"template":"","format":"standard","meta":{"_et_pb_use_builder":"off","_et_pb_old_content":"","_et_gb_content_width":"","footnotes":""},"categories":[194,211],"tags":[],"class_list":["post-44421","post","type-post","status-publish","format-standard","has-post-thumbnail","hentry","category-ascla-east-es","category-korea-es"],"jetpack_featured_media_url":"https:\/\/i0.wp.com\/www.claret.org\/wp-content\/uploads\/2019\/04\/20190421_121856.jpg?fit=5312%2C2988&ssl=1","jetpack_sharing_enabled":true,"jetpack_shortlink":"https:\/\/wp.me\/pdaBmi-byt","jetpack_likes_enabled":true,"_links":{"self":[{"href":"https:\/\/www.claret.org\/es\/wp-json\/wp\/v2\/posts\/44421","targetHints":{"allow":["GET"]}}],"collection":[{"href":"https:\/\/www.claret.org\/es\/wp-json\/wp\/v2\/posts"}],"about":[{"href":"https:\/\/www.claret.org\/es\/wp-json\/wp\/v2\/types\/post"}],"author":[{"embeddable":true,"href":"https:\/\/www.claret.org\/es\/wp-json\/wp\/v2\/users\/3"}],"replies":[{"embeddable":true,"href":"https:\/\/www.claret.org\/es\/wp-json\/wp\/v2\/comments?post=44421"}],"version-history":[{"count":0,"href":"https:\/\/www.claret.org\/es\/wp-json\/wp\/v2\/posts\/44421\/revisions"}],"wp:featuredmedia":[{"embeddable":true,"href":"https:\/\/www.claret.org\/es\/wp-json\/wp\/v2\/media\/44419"}],"wp:attachment":[{"href":"https:\/\/www.claret.org\/es\/wp-json\/wp\/v2\/media?parent=44421"}],"wp:term":[{"taxonomy":"category","embeddable":true,"href":"https:\/\/www.claret.org\/es\/wp-json\/wp\/v2\/categories?post=44421"},{"taxonomy":"post_tag","embeddable":true,"href":"https:\/\/www.claret.org\/es\/wp-json\/wp\/v2\/tags?post=44421"}],"curies":[{"name":"wp","href":"https:\/\/api.w.org\/{rel}","templated":true}]}}