{"id":45012,"date":"2019-05-14T06:31:16","date_gmt":"2019-05-14T04:31:16","guid":{"rendered":"https:\/\/www.claret.org\/encuentro-de-prefectos-de-formacion\/"},"modified":"2019-05-14T14:57:45","modified_gmt":"2019-05-14T12:57:45","slug":"encuentro-de-prefectos-de-formacion","status":"publish","type":"post","link":"https:\/\/www.claret.org\/es\/encuentro-de-prefectos-de-formacion\/","title":{"rendered":"Encuentro de Prefectos de Formaci\u00f3n"},"content":{"rendered":"\n<p><strong>Ciudad de Guatemala, Guatemala<\/strong>. El Encuentro de los Prefectos de Formaci\u00f3n de nuestra Congregaci\u00f3n (del 13 al 22 de mayo de 2019), y con la presencia del P. Mathew Vattamattam, Superior General, que est\u00e1 animando el Encuentro, ha comenzado hoy, 13 de mayo de 2019, en el Centro de Retiros Claret, Guatemala. El Encuentro se basa en el tema \u00abProgresar y crecer como disc\u00edpulos hasta que nos transformemos como lo fue nuestro Fundador, San Antonio Mar\u00eda Claret\u00bb. Hay 31 participantes de nuestros Organismos Mayores (Provincias y Delegaciones). Este importante evento ha comenzado con un retiro de medio d\u00eda y la Santa Misa dirigida por el P. Ismael Montero, Superior Provincial de Centroam\u00e9rica.<\/p>\n<p>En las sesiones de la tarde, los participantes se presentaron y debatieron las cuestiones perteneciente al cronograma y horario del programa del encuentro. El P. Mathew Vattamattam dirigi\u00f3 una reflexi\u00f3n a los participantes y les ilumin\u00f3 sobre la importancia del encuentro.   <strong> <\/strong><\/p>\n<ul>\n<li><strong>Durante el encuentro los participantes se concentrar\u00e1n en: el discernimiento y acompa\u00f1amiento, la interculturalidad y la solidaridad y misi\u00f3n<\/strong><\/li>\n<li><strong>Otro tema importante es la discusi\u00f3n sobre el PGF (Proyecto General de Formaci\u00f3n)<\/strong><\/li>\n<\/ul>\n<p>En la sesi\u00f3n final del d\u00eda, los participantes se reunieron en funci\u00f3n de las Conferencias y debatieron las preguntas sobre datos estad\u00edsticos de Estudiantes en formaci\u00f3n, itinerario formativo, desaf\u00edos y fortalezas en nuestros procesos formativos, mejores pr\u00e1cticas formativas en nuestra formaci\u00f3n, miembros de cada Organismo Mayor enviados a la misi\u00f3n universal.<\/p>\n","protected":false},"excerpt":{"rendered":"","protected":false},"author":3,"featured_media":45006,"comment_status":"closed","ping_status":"closed","sticky":false,"template":"","format":"standard","meta":{"_et_pb_use_builder":"off","_et_pb_old_content":"","_et_gb_content_width":"","footnotes":""},"categories":[500,533],"tags":[],"class_list":["post-45012","post","type-post","status-publish","format-standard","has-post-thumbnail","hentry","category-formacion","category-la-congregacion"],"jetpack_featured_media_url":"https:\/\/i0.wp.com\/www.claret.org\/wp-content\/uploads\/2019\/05\/Encounter.jpg?fit=4032%2C2268&ssl=1","jetpack_sharing_enabled":true,"jetpack_shortlink":"https:\/\/wp.me\/pdaBmi-bI0","jetpack_likes_enabled":true,"_links":{"self":[{"href":"https:\/\/www.claret.org\/es\/wp-json\/wp\/v2\/posts\/45012","targetHints":{"allow":["GET"]}}],"collection":[{"href":"https:\/\/www.claret.org\/es\/wp-json\/wp\/v2\/posts"}],"about":[{"href":"https:\/\/www.claret.org\/es\/wp-json\/wp\/v2\/types\/post"}],"author":[{"embeddable":true,"href":"https:\/\/www.claret.org\/es\/wp-json\/wp\/v2\/users\/3"}],"replies":[{"embeddable":true,"href":"https:\/\/www.claret.org\/es\/wp-json\/wp\/v2\/comments?post=45012"}],"version-history":[{"count":0,"href":"https:\/\/www.claret.org\/es\/wp-json\/wp\/v2\/posts\/45012\/revisions"}],"wp:featuredmedia":[{"embeddable":true,"href":"https:\/\/www.claret.org\/es\/wp-json\/wp\/v2\/media\/45006"}],"wp:attachment":[{"href":"https:\/\/www.claret.org\/es\/wp-json\/wp\/v2\/media?parent=45012"}],"wp:term":[{"taxonomy":"category","embeddable":true,"href":"https:\/\/www.claret.org\/es\/wp-json\/wp\/v2\/categories?post=45012"},{"taxonomy":"post_tag","embeddable":true,"href":"https:\/\/www.claret.org\/es\/wp-json\/wp\/v2\/tags?post=45012"}],"curies":[{"name":"wp","href":"https:\/\/api.w.org\/{rel}","templated":true}]}}