{"id":45788,"date":"2019-06-03T12:15:19","date_gmt":"2019-06-03T10:15:19","guid":{"rendered":"https:\/\/www.claret.org\/campamento-juvenil-claret-2019-sur-de-filipinas\/"},"modified":"2019-06-03T15:19:45","modified_gmt":"2019-06-03T13:19:45","slug":"campamento-juvenil-claret-2019-sur-de-filipinas","status":"publish","type":"post","link":"https:\/\/www.claret.org\/es\/campamento-juvenil-claret-2019-sur-de-filipinas\/","title":{"rendered":"Campamento Juvenil Claret 2019 &#8211; Sur de Filipinas"},"content":{"rendered":"\n<p><strong>Ciudad de Zamboanga, Filipinas.<\/strong> Noventa y seis j\u00f3venes de las plataformas misioneras claretianas en el sur de Filipinas participaron en el Campamento Juvenil Claret &#8211; Sur 2019 del 17 al 19 de mayo de 2019 que fue organizado por la Pastoral Juvenil Claret &#8211; Zamboanga en los jardines del Colegio Claret de la Ciudad de Zamboanga. El evento de tres d\u00edas con el tema \u00ab<em>Claretianos: fieles influyentes y felices de Dios<\/em>\u00bb bas\u00f3 sus actividades en las dos celebraciones principales celebradas anteriormente: la Jornada Mundial de la Juventud Panam\u00e1 2019 + CF, la Jornada Nacional de la Juventud 2019 celebrada en Ceb\u00fa y en preparaci\u00f3n para el AEYG 2019 + CF que se llevar\u00e1 a cabo en Dili, Timor Leste en agosto.<\/p>\n<p>Los participantes recibieron una dosis diaria de suplementos catequ\u00e9ticos y espirituales a trav\u00e9s de charlas y actividades. El Sr. Ted Jao habl\u00f3 sobre \u00ab<em>Fiat: valiente, generoso y alegre<\/em>\u00ab, que se elabor\u00f3 con charlas y testimonios provenientes de un panel de los que ya han dado su \u00abs\u00ed\u00bb definitivo en sus vocaciones espec\u00edficas. El Sr. Sonny Boy Olivar habl\u00f3 sobre \u00ab<em>Valorar el regalo de fe de la cuna de la cristiandad<\/em>\u00ab, sobre la Iglesia y la fe cristiana. El tercer tema fue \u00ab<em>Comunidad de creyentes que traen cambios al mundo<\/em>\u00ab, que se puso en acci\u00f3n a trav\u00e9s de la inmersi\u00f3n de los peregrinos en diferentes comunidades en su revoluci\u00f3n de servicio. Por \u00faltimo, \u00ab<em>Junto con Mar\u00eda, somos los Siervos del Se\u00f1or<\/em>\u00ab, encarnados a trav\u00e9s del Claretian Anno Domini, que se centr\u00f3 en los planes de los Claretianos en las perspectivas de sus Pastorales Juveniles.<\/p>\n<p>Una de las novedades de este campamento es el establecimiento del s\u00edmbolo del Campamento Juvenil Claret, la imagen del Coraz\u00f3n Inmaculado de Mar\u00eda. Desde la ciudad de Zamboanga, sede del 3er Campamento Juvenil Nacional en 2015, la imagen fue entregada al CYM de la Parroquia de San Roque en Tungawan. El cuarto Campamento Juvenil Nacional Claret est\u00e1 programado para llevarse a cabo en el verano de 2020 en Tungawan, Provincia de Zamboanga Sibugay.<\/p>\n\n\n\n<div class=\"wp-block-envira-envira-gallery\">[envira-gallery id=&#8217;45726&#8242;]<\/div>\n","protected":false},"excerpt":{"rendered":"","protected":false},"author":2,"featured_media":45750,"comment_status":"closed","ping_status":"closed","sticky":false,"template":"","format":"standard","meta":{"_et_pb_use_builder":"off","_et_pb_old_content":"","_et_gb_content_width":"","footnotes":""},"categories":[216,485],"tags":[],"class_list":["post-45788","post","type-post","status-publish","format-standard","has-post-thumbnail","hentry","category-fr-rhoel-gallardo-es","category-pastoral-juvenil-vocacional"],"jetpack_featured_media_url":"https:\/\/i0.wp.com\/www.claret.org\/wp-content\/uploads\/2019\/06\/PH-20190519-Claret-Youth-Camp-South-1.jpg?fit=2304%2C1536&ssl=1","jetpack_sharing_enabled":true,"jetpack_shortlink":"https:\/\/wp.me\/pdaBmi-bUw","jetpack_likes_enabled":true,"_links":{"self":[{"href":"https:\/\/www.claret.org\/es\/wp-json\/wp\/v2\/posts\/45788","targetHints":{"allow":["GET"]}}],"collection":[{"href":"https:\/\/www.claret.org\/es\/wp-json\/wp\/v2\/posts"}],"about":[{"href":"https:\/\/www.claret.org\/es\/wp-json\/wp\/v2\/types\/post"}],"author":[{"embeddable":true,"href":"https:\/\/www.claret.org\/es\/wp-json\/wp\/v2\/users\/2"}],"replies":[{"embeddable":true,"href":"https:\/\/www.claret.org\/es\/wp-json\/wp\/v2\/comments?post=45788"}],"version-history":[{"count":0,"href":"https:\/\/www.claret.org\/es\/wp-json\/wp\/v2\/posts\/45788\/revisions"}],"wp:featuredmedia":[{"embeddable":true,"href":"https:\/\/www.claret.org\/es\/wp-json\/wp\/v2\/media\/45750"}],"wp:attachment":[{"href":"https:\/\/www.claret.org\/es\/wp-json\/wp\/v2\/media?parent=45788"}],"wp:term":[{"taxonomy":"category","embeddable":true,"href":"https:\/\/www.claret.org\/es\/wp-json\/wp\/v2\/categories?post=45788"},{"taxonomy":"post_tag","embeddable":true,"href":"https:\/\/www.claret.org\/es\/wp-json\/wp\/v2\/tags?post=45788"}],"curies":[{"name":"wp","href":"https:\/\/api.w.org\/{rel}","templated":true}]}}