{"id":46867,"date":"2019-06-23T09:46:29","date_gmt":"2019-06-23T07:46:29","guid":{"rendered":"https:\/\/www.claret.org\/?p=46867"},"modified":"2019-06-23T10:00:23","modified_gmt":"2019-06-23T08:00:23","slug":"reunion-del-equipo-del-diario-biblico","status":"publish","type":"post","link":"https:\/\/www.claret.org\/es\/reunion-del-equipo-del-diario-biblico\/","title":{"rendered":"Reuni\u00f3n del Equipo del Diario B\u00edblico"},"content":{"rendered":"\n<p><strong>Ciudad de Panam\u00e1, Panam\u00e1.<\/strong> Del lunes 17 al 20 de junio de 2019, se reunieron en la Curia Provincial de Centroam\u00e9rica los integrantes del Equipo Editorial del Diario B\u00edblico: Alberto Rossa, Jos\u00e9 Mar\u00eda Vigil, Alejandro Quezada, Jos\u00e9 Vidal y Fredy Cabrera, que reci\u00e9n se integra al Equipo, para asumir plenamente la edici\u00f3n 2022 del Diario.<\/p>\n<p>Uno de los puntos de agenda fue leer los comentarios que hicieron sobre el Diario B\u00edblico algunos Claretianos del Continente adem\u00e1s del Equipo Rebiclar (Red B\u00edblica Claretiana de Am\u00e9rica). Despu\u00e9s, recomendaron que como Equipo Editorial es su responsabilidad mantener la l\u00ednea carism\u00e1tica del Diario B\u00edblico, aunque venden menos ejemplares. Tambi\u00e9n comentaron sobre el objetivo del Encuentro: \u00abcon la finalidad de revisar el camino recorrido en el Proyecto B\u00edblico de MICLA, concretizado en el Diario, el Equipo Editorial dialogar\u00e1 sobre el presente y futuro de \u00e9ste, considerando la consulta que se hizo a los Prefectos de Apostolado y Rebiclar\u00bb<\/p>\n<p>A lo largo del Encuentro hicieron comentarios sobre la necesidad de planear el trabajo del DB por 3 a\u00f1os, las ventajas de reducir el n\u00famero de comentaristas; la urgencia de fortalecer la relaci\u00f3n entre texto, web y App; la viabilidad de organizar concursos b\u00edblicos con un premio, entre muchas cosas.<\/p>\n<p>Aprovechando la visita del P. Ismael Montero, CMF, Provincial de Centroam\u00e9rica y presidente de la Junta Directiva, ellos comentaron varios asuntos, entre ellos, el \u00abcarisma\u00bb original del Diario B\u00edblico, descrito en la \u00abmemoria hist\u00f3rica\u00bb y la participaci\u00f3n activa de las Provincias y de los Prefectos de Apostolado en el Proyecto B\u00edblico de MICLA.<\/p>\n<p>El mi\u00e9rcoles 19 de junio, el P. Fredy Ram\u00edrez, CMF hizo una entrevista a los P. Alberto Rossa y Alejandro Quezada, CMFF en \u00abRadio Claret Digital\u00bb sobre el origen y el presente del Diario B\u00edblico, resaltando la importancia de la Palabra de Dios en la vida de las Comunidades Cristianas.<\/p>\n<p>El jueves 20 por la tarde, reunieron con diez laicos del Santuario Nacional que les compartieron la forma en que utilizan el diario b\u00edblico, las experiencias que han tenido con la Palabra. Les felicitaron por lo bien hecho que est\u00e1 el Diario B\u00edblico y por mantener un precio muy accesible.<\/p>\n<p> <\/p>\n\n\n\n<div class=\"wp-block-envira-envira-gallery\">[envira-gallery id=&#8217;46868&#8242;]<\/div>\n","protected":false},"excerpt":{"rendered":"","protected":false},"author":2,"featured_media":46869,"comment_status":"closed","ping_status":"closed","sticky":false,"template":"","format":"standard","meta":{"_et_pb_use_builder":"off","_et_pb_old_content":"","_et_gb_content_width":"","footnotes":""},"categories":[256,356,412],"tags":[],"class_list":["post-46867","post","type-post","status-publish","format-standard","has-post-thumbnail","hentry","category-claret-publishing-group-es","category-micla-es","category-pastoral-biblica"],"jetpack_featured_media_url":"https:\/\/i0.wp.com\/www.claret.org\/wp-content\/uploads\/2019\/06\/MICLA-20190621-Equipo-del-Diario-B%C3%ADblico-1.jpg?fit=3168%2C2147&ssl=1","jetpack_sharing_enabled":true,"jetpack_shortlink":"https:\/\/wp.me\/pdaBmi-cbV","jetpack_likes_enabled":true,"_links":{"self":[{"href":"https:\/\/www.claret.org\/es\/wp-json\/wp\/v2\/posts\/46867","targetHints":{"allow":["GET"]}}],"collection":[{"href":"https:\/\/www.claret.org\/es\/wp-json\/wp\/v2\/posts"}],"about":[{"href":"https:\/\/www.claret.org\/es\/wp-json\/wp\/v2\/types\/post"}],"author":[{"embeddable":true,"href":"https:\/\/www.claret.org\/es\/wp-json\/wp\/v2\/users\/2"}],"replies":[{"embeddable":true,"href":"https:\/\/www.claret.org\/es\/wp-json\/wp\/v2\/comments?post=46867"}],"version-history":[{"count":0,"href":"https:\/\/www.claret.org\/es\/wp-json\/wp\/v2\/posts\/46867\/revisions"}],"wp:featuredmedia":[{"embeddable":true,"href":"https:\/\/www.claret.org\/es\/wp-json\/wp\/v2\/media\/46869"}],"wp:attachment":[{"href":"https:\/\/www.claret.org\/es\/wp-json\/wp\/v2\/media?parent=46867"}],"wp:term":[{"taxonomy":"category","embeddable":true,"href":"https:\/\/www.claret.org\/es\/wp-json\/wp\/v2\/categories?post=46867"},{"taxonomy":"post_tag","embeddable":true,"href":"https:\/\/www.claret.org\/es\/wp-json\/wp\/v2\/tags?post=46867"}],"curies":[{"name":"wp","href":"https:\/\/api.w.org\/{rel}","templated":true}]}}