{"id":47329,"date":"2019-07-01T12:00:55","date_gmt":"2019-07-01T10:00:55","guid":{"rendered":"https:\/\/www.claret.org\/nombramiento-del-p-krzysztof-gierat-cmf-en-la-civcsva\/"},"modified":"2019-07-01T16:34:20","modified_gmt":"2019-07-01T14:34:20","slug":"nombramiento-del-p-krzysztof-gierat-cmf-en-la-civcsva","status":"publish","type":"post","link":"https:\/\/www.claret.org\/es\/nombramiento-del-p-krzysztof-gierat-cmf-en-la-civcsva\/","title":{"rendered":"Nombramiento del P. Krzysztof Gierat,CMF en la CIVCSVA"},"content":{"rendered":"\n<p><strong>Roma, Italia<\/strong>. En una carta de la Secretar\u00eda del Estado del Vaticano con fecha 29 de abril de 2019 se informaba que el P. Krzysztof Gierat, CMF de la Provincia de Polska, hab\u00eda sido designado para trabajar en la oficina de la Secretar\u00eda en la Congregaci\u00f3n para los Institutos de Vida Consagrada y Sociedades de Vida Apost\u00f3lica. A este respecto, el Superior General, P. Mathew Vattamattam, CMF, lo ha destinado, con fecha del 13 de junio de 2019, a la Comunidad de la Curia General al servicio del Gobierno General y de la Congregaci\u00f3n para los Institutos de Vida Consagrada y Sociedades de Vida Apost\u00f3lica.<\/p>\n<p>El P. Krzysztof naci\u00f3 el 5 de abril de 1965 en D\u0119biny, Wojew\u00f3dztwo Kujawsko-Pomorskie, Polonia. Hizo su Primera Profesi\u00f3n en la Congregaci\u00f3n el 8 de septiembre de 1985 en Jelenia Gora y su Profesi\u00f3n Perpetua en Wroclaw en la misma fecha despu\u00e9s de cuatro a\u00f1os. Fue ordenado sacerdote el 18 de mayo de 1991 en Wroclaw. Obtuvo su Doctorado en Derecho Can\u00f3nico en la Katolicki Uniwersytet Lubelski donde estudi\u00f3 del 1 de octubre de 1991 al 15 de julio de 1999. Durante el Cap\u00edtulo Provincial de Polonia en 2004 fue elegido por primera vez Superior Provincial. En ese servicio se desempe\u00f1\u00f3 durante dos mandatos: de 2004 a 2010 y de 2010 a 2016. En el momento de su nombramiento en la CIVCSVA, era el Superior Local de Misjonarze Klaretyni &#8211; Seminarium.<\/p>\n","protected":false},"excerpt":{"rendered":"","protected":false},"author":2,"featured_media":47326,"comment_status":"closed","ping_status":"closed","sticky":false,"template":"","format":"standard","meta":{"_et_pb_use_builder":"off","_et_pb_old_content":"","_et_gb_content_width":"","footnotes":""},"categories":[417,533,504,335],"tags":[],"class_list":["post-47329","post","type-post","status-publish","format-standard","has-post-thumbnail","hentry","category-vida-consagrada","category-la-congregacion","category-noticias-eclesiales","category-polska-es"],"jetpack_featured_media_url":"https:\/\/i0.wp.com\/www.claret.org\/wp-content\/uploads\/2019\/07\/krzystof-gierat.jpg?fit=1366%2C696&ssl=1","jetpack_sharing_enabled":true,"jetpack_shortlink":"https:\/\/wp.me\/pdaBmi-cjn","jetpack_likes_enabled":true,"_links":{"self":[{"href":"https:\/\/www.claret.org\/es\/wp-json\/wp\/v2\/posts\/47329","targetHints":{"allow":["GET"]}}],"collection":[{"href":"https:\/\/www.claret.org\/es\/wp-json\/wp\/v2\/posts"}],"about":[{"href":"https:\/\/www.claret.org\/es\/wp-json\/wp\/v2\/types\/post"}],"author":[{"embeddable":true,"href":"https:\/\/www.claret.org\/es\/wp-json\/wp\/v2\/users\/2"}],"replies":[{"embeddable":true,"href":"https:\/\/www.claret.org\/es\/wp-json\/wp\/v2\/comments?post=47329"}],"version-history":[{"count":0,"href":"https:\/\/www.claret.org\/es\/wp-json\/wp\/v2\/posts\/47329\/revisions"}],"wp:featuredmedia":[{"embeddable":true,"href":"https:\/\/www.claret.org\/es\/wp-json\/wp\/v2\/media\/47326"}],"wp:attachment":[{"href":"https:\/\/www.claret.org\/es\/wp-json\/wp\/v2\/media?parent=47329"}],"wp:term":[{"taxonomy":"category","embeddable":true,"href":"https:\/\/www.claret.org\/es\/wp-json\/wp\/v2\/categories?post=47329"},{"taxonomy":"post_tag","embeddable":true,"href":"https:\/\/www.claret.org\/es\/wp-json\/wp\/v2\/tags?post=47329"}],"curies":[{"name":"wp","href":"https:\/\/api.w.org\/{rel}","templated":true}]}}