{"id":47917,"date":"2019-07-10T09:08:30","date_gmt":"2019-07-10T07:08:30","guid":{"rendered":"https:\/\/www.claret.org\/?p=47917"},"modified":"2019-07-10T10:06:03","modified_gmt":"2019-07-10T08:06:03","slug":"asamblea-de-la-delegacion-padre-xifre","status":"publish","type":"post","link":"https:\/\/www.claret.org\/es\/asamblea-de-la-delegacion-padre-xifre\/","title":{"rendered":"Asamblea de la Delegaci\u00f3n Padre Xifr\u00e9"},"content":{"rendered":"\n<p><strong>Mongomo, Guinea Ecuatorial.<\/strong> La Delegaci\u00f3n Padre Xifr\u00e9 ha tenido su primera Asamblea del 2 al 5 de julio 2019, en la sede episcopal de la Di\u00f3cesis de Mongomo, donde es Obispo Monse\u00f1or Juan Domingo Bek\u00e1 Esono Ayang, CMF. La Asamblea ha sido presidida por el Padre General, Mathew Vattamattam, CMF en su primera visita oficial a la nueva Delegaci\u00f3n que cumplir\u00e1 un a\u00f1o el pr\u00f3ximo 16 de julio.<\/p>\n<p>Los Misioneros Claretianos que trabajan en los dos pa\u00edses que componen la Delegaci\u00f3n: Gab\u00f3n y Guinea Ecuatorial (53 Misoneros de 10 pa\u00edses que viven en 13 comunidades interculturaes), se han encontrado por primera vez en la Bas\u00edlica La Inmaculada de Mongomo, para conocerse, pensar juntos sobre las urgencias misioneras que se plantean en estos momentos en la realidad de la sociedad e Iglesia de cada pa\u00eds de misi\u00f3n. El tema de reflexi\u00f3n ha sido la revisi\u00f3n de los 3 procesos de transformaci\u00f3n que se\u00f1al\u00f3 nuestro \u00faltimo Cap\u00edtulo General: vida misionera; comunidad, econom\u00eda, gobierno y comunicaci\u00f3n; formaci\u00f3n y espiritualidad.<\/p>\n<p>En comuni\u00f3n con toda la Iglesia se les invita a so\u00f1ar juntos la misi\u00f3n de la Iglesia hoy: \u00bfqu\u00e9 les piden los nuevos signos de los tiempos? Para responder a esta pregunta deben insertarse en la vida de cada iglesia local donde evangelizan desde la identidad propia de los rasgos carism\u00e1ticos de la Congregaci\u00f3n.<\/p>\n<p>Durante la Asamblea se ha podido constatar la potencialidad del joven Organismo, compuesto mayoritariamente por personal joven. El Padre General invit\u00f3 a los miembros de la Delegaci\u00f3n a vivir la sinodalidad que responde deseo de trabajar en misi\u00f3n compartida.<\/p>\n<p> <\/p>\n\n\n\n<div class=\"wp-block-envira-envira-gallery\">[envira-gallery id=&#8217;47918&#8242;]<\/div>\n","protected":false},"excerpt":{"rendered":"","protected":false},"author":2,"featured_media":47919,"comment_status":"closed","ping_status":"closed","sticky":false,"template":"","format":"standard","meta":{"_et_pb_use_builder":"off","_et_pb_old_content":"","_et_gb_content_width":"","footnotes":""},"categories":[171],"tags":[],"class_list":["post-47917","post","type-post","status-publish","format-standard","has-post-thumbnail","hentry","category-padre-xifre-es"],"jetpack_featured_media_url":"https:\/\/i0.wp.com\/www.claret.org\/wp-content\/uploads\/2019\/07\/PX-20190705-Primer-Asamblea-1.jpeg?fit=1008%2C490&ssl=1","jetpack_sharing_enabled":true,"jetpack_shortlink":"https:\/\/wp.me\/pdaBmi-csR","jetpack_likes_enabled":true,"_links":{"self":[{"href":"https:\/\/www.claret.org\/es\/wp-json\/wp\/v2\/posts\/47917","targetHints":{"allow":["GET"]}}],"collection":[{"href":"https:\/\/www.claret.org\/es\/wp-json\/wp\/v2\/posts"}],"about":[{"href":"https:\/\/www.claret.org\/es\/wp-json\/wp\/v2\/types\/post"}],"author":[{"embeddable":true,"href":"https:\/\/www.claret.org\/es\/wp-json\/wp\/v2\/users\/2"}],"replies":[{"embeddable":true,"href":"https:\/\/www.claret.org\/es\/wp-json\/wp\/v2\/comments?post=47917"}],"version-history":[{"count":0,"href":"https:\/\/www.claret.org\/es\/wp-json\/wp\/v2\/posts\/47917\/revisions"}],"wp:featuredmedia":[{"embeddable":true,"href":"https:\/\/www.claret.org\/es\/wp-json\/wp\/v2\/media\/47919"}],"wp:attachment":[{"href":"https:\/\/www.claret.org\/es\/wp-json\/wp\/v2\/media?parent=47917"}],"wp:term":[{"taxonomy":"category","embeddable":true,"href":"https:\/\/www.claret.org\/es\/wp-json\/wp\/v2\/categories?post=47917"},{"taxonomy":"post_tag","embeddable":true,"href":"https:\/\/www.claret.org\/es\/wp-json\/wp\/v2\/tags?post=47917"}],"curies":[{"name":"wp","href":"https:\/\/api.w.org\/{rel}","templated":true}]}}