{"id":48814,"date":"2013-04-12T10:47:00","date_gmt":"2013-04-12T08:47:00","guid":{"rendered":"https:\/\/www.claret.org\/ha-iniciado-el-curso-de-la-escuela-del-corazon-de-maria-del-2013\/"},"modified":"2019-07-15T10:54:34","modified_gmt":"2019-07-15T08:54:34","slug":"ha-iniciado-el-curso-de-la-escuela-del-corazon-de-maria-del-2013","status":"publish","type":"post","link":"https:\/\/www.claret.org\/es\/ha-iniciado-el-curso-de-la-escuela-del-corazon-de-maria-del-2013\/","title":{"rendered":"Ha iniciado el curso de la Escuela del Coraz\u00f3n de Mar\u00eda del 2013"},"content":{"rendered":"<strong>Vic, Espa\u00f1a:<\/strong> Desde el 2 de abril, ha dado inicio, en el Centro de Espiritualidad Claretiana de Vic (CESC),  la decima edici\u00f3n de la \u201cEscuela del Coraz\u00f3n de Mar\u00eda\u201d para Formadores de lengua inglesa de la Congregaci\u00f3n. Participan 22 formadores procedentes de 13 Provincias y Delegaciones y durar\u00e1 hasta el pr\u00f3ximo 20 de junio.\r\n\r\nTan s\u00f3lo llegar, los participantes se toparon con la triste y desconcertante noticia del fallecimiento del P. Jes\u00fas Bermejo CMF, miembro de la comunidad en Vic y uno de los facilitadores del curso que se hab\u00edan previsto. De cualquier modo, los formadores participantes gozar\u00e1n del fruto del trabajo del P. Bermejo, a trav\u00e9s del invaluable material, resultado de sus investigaciones.\r\n\r\nEl 3 de abril se tuvo il inicio oficial del curso con una exposici\u00f3n del P. Mathew Vattamattam CMF, Prefecto General de Formaci\u00f3n que, junto con el P. Jes\u00fas Palacios CMF, estar\u00e1 animando todo el programa.\r\n\r\nEl curso ha iniciado con la profundizaci\u00f3n en la figura del Formador y la compresi\u00f3n de su rol en la Congregaci\u00f3n. Tambi\u00e9n han empezado las visitas a los \u201clugares claretianos\u201d como el Museo y otros sitios de Vic. El P. Jesudoss, director del CESC, va guiando a los formadores en el estudio de los escritos de Claret.\r\n\r\nEl domingo 7 de abril, los participantes se trasladaron a la parroquia de Sallent, donde tuvieron la oportunidad de concelebrar la Eucarist\u00eda con el pueblo que fue presidida por el P\u00e1rroco: P. Antoni Costa, luego de lo cual visitaron el lugar de nacimiento del P. Fundador.","protected":false},"excerpt":{"rendered":"","protected":false},"author":1,"featured_media":48811,"comment_status":"closed","ping_status":"closed","sticky":false,"template":"","format":"standard","meta":{"_et_pb_use_builder":"off","_et_pb_old_content":"","_et_gb_content_width":"","footnotes":""},"categories":[583],"tags":[],"class_list":["post-48814","post","type-post","status-publish","format-standard","has-post-thumbnail","hentry","category-escuela-del-corazon-de-maria"],"jetpack_featured_media_url":"https:\/\/i0.wp.com\/www.claret.org\/wp-content\/uploads\/2019\/07\/formators.jpg?fit=650%2C352&ssl=1","jetpack_sharing_enabled":true,"jetpack_shortlink":"https:\/\/wp.me\/pdaBmi-cHk","jetpack_likes_enabled":true,"_links":{"self":[{"href":"https:\/\/www.claret.org\/es\/wp-json\/wp\/v2\/posts\/48814","targetHints":{"allow":["GET"]}}],"collection":[{"href":"https:\/\/www.claret.org\/es\/wp-json\/wp\/v2\/posts"}],"about":[{"href":"https:\/\/www.claret.org\/es\/wp-json\/wp\/v2\/types\/post"}],"author":[{"embeddable":true,"href":"https:\/\/www.claret.org\/es\/wp-json\/wp\/v2\/users\/1"}],"replies":[{"embeddable":true,"href":"https:\/\/www.claret.org\/es\/wp-json\/wp\/v2\/comments?post=48814"}],"version-history":[{"count":0,"href":"https:\/\/www.claret.org\/es\/wp-json\/wp\/v2\/posts\/48814\/revisions"}],"wp:featuredmedia":[{"embeddable":true,"href":"https:\/\/www.claret.org\/es\/wp-json\/wp\/v2\/media\/48811"}],"wp:attachment":[{"href":"https:\/\/www.claret.org\/es\/wp-json\/wp\/v2\/media?parent=48814"}],"wp:term":[{"taxonomy":"category","embeddable":true,"href":"https:\/\/www.claret.org\/es\/wp-json\/wp\/v2\/categories?post=48814"},{"taxonomy":"post_tag","embeddable":true,"href":"https:\/\/www.claret.org\/es\/wp-json\/wp\/v2\/tags?post=48814"}],"curies":[{"name":"wp","href":"https:\/\/api.w.org\/{rel}","templated":true}]}}