{"id":49018,"date":"2013-04-04T11:34:00","date_gmt":"2013-04-04T09:34:00","guid":{"rendered":"https:\/\/www.claret.org\/pascua-juvenil-en-cochabamba\/"},"modified":"2019-07-15T11:46:16","modified_gmt":"2019-07-15T09:46:16","slug":"pascua-juvenil-en-cochabamba","status":"publish","type":"post","link":"https:\/\/www.claret.org\/es\/pascua-juvenil-en-cochabamba\/","title":{"rendered":"Pascua juvenil en Cochabamba"},"content":{"rendered":"<strong>Cochabamba, Bolivia.<\/strong>El P. Joseph Kalakkal CMF, nos comparte estas im\u00e1genes de la representaci\u00f3n de la Pasi\u00f3n y de la Pascua del 2013, con los formandos claretianos y los j\u00f3venes de la Parroquia del Coraz\u00f3n de Mar\u00eda de Cochabamba.","protected":false},"excerpt":{"rendered":"","protected":false},"author":1,"featured_media":48973,"comment_status":"closed","ping_status":"closed","sticky":false,"template":"","format":"standard","meta":{"_et_pb_use_builder":"off","_et_pb_old_content":"","_et_gb_content_width":"","footnotes":""},"categories":[485,387],"tags":[],"class_list":["post-49018","post","type-post","status-publish","format-standard","has-post-thumbnail","hentry","category-pastoral-juvenil-vocacional","category-peru-bolivia-es"],"jetpack_featured_media_url":"https:\/\/i0.wp.com\/www.claret.org\/wp-content\/uploads\/2019\/07\/bolivia_pascua_juv_2013_w.jpg?fit=650%2C622&ssl=1","jetpack_sharing_enabled":true,"jetpack_shortlink":"https:\/\/wp.me\/pdaBmi-cKC","jetpack_likes_enabled":true,"_links":{"self":[{"href":"https:\/\/www.claret.org\/es\/wp-json\/wp\/v2\/posts\/49018","targetHints":{"allow":["GET"]}}],"collection":[{"href":"https:\/\/www.claret.org\/es\/wp-json\/wp\/v2\/posts"}],"about":[{"href":"https:\/\/www.claret.org\/es\/wp-json\/wp\/v2\/types\/post"}],"author":[{"embeddable":true,"href":"https:\/\/www.claret.org\/es\/wp-json\/wp\/v2\/users\/1"}],"replies":[{"embeddable":true,"href":"https:\/\/www.claret.org\/es\/wp-json\/wp\/v2\/comments?post=49018"}],"version-history":[{"count":0,"href":"https:\/\/www.claret.org\/es\/wp-json\/wp\/v2\/posts\/49018\/revisions"}],"wp:featuredmedia":[{"embeddable":true,"href":"https:\/\/www.claret.org\/es\/wp-json\/wp\/v2\/media\/48973"}],"wp:attachment":[{"href":"https:\/\/www.claret.org\/es\/wp-json\/wp\/v2\/media?parent=49018"}],"wp:term":[{"taxonomy":"category","embeddable":true,"href":"https:\/\/www.claret.org\/es\/wp-json\/wp\/v2\/categories?post=49018"},{"taxonomy":"post_tag","embeddable":true,"href":"https:\/\/www.claret.org\/es\/wp-json\/wp\/v2\/tags?post=49018"}],"curies":[{"name":"wp","href":"https:\/\/api.w.org\/{rel}","templated":true}]}}