{"id":50409,"date":"2013-02-13T11:41:00","date_gmt":"2013-02-13T10:41:00","guid":{"rendered":"https:\/\/www.claret.org\/benedicto-xvi-renuncia-al-pontificado\/"},"modified":"2019-07-16T11:44:48","modified_gmt":"2019-07-16T09:44:48","slug":"benedicto-xvi-renuncia-al-pontificado","status":"publish","type":"post","link":"https:\/\/www.claret.org\/es\/benedicto-xvi-renuncia-al-pontificado\/","title":{"rendered":"Benedicto XVI renuncia al pontificado"},"content":{"rendered":"<strong>Roma.<\/strong> El Papa Benedicto XVI renunciar\u00e1 al pontificado el pr\u00f3ximo 28 de febrero \u00abpor falta de fuerzas y por su edad avanzada\u00bb. Es la primera renuncia de un Papa en seis siglos . El anuncio fue hecho personalmente, durante el consistorio tenido la ma\u00f1ana del 11 de febrero.\r\nBenedicto XVI tiene 85 a\u00f1os de edad y ocho como Sucesor de Pedro, desde que fue elegido en el c\u00f3nclave de abril de 2005.\r\n\r\nLos Misioneros Claretianos, esforzados auxiliares de los Pastores en el Ministerio de la Palabra (Constituciones CMF, 6) y herederos del esp\u00edritu de San Antonio Mar\u00eda Claret, renovamos nuestra comuni\u00f3n eclesial expresada en la fidelidad al Romano Pont\u00edfice (Directorio CMF, 263).","protected":false},"excerpt":{"rendered":"","protected":false},"author":1,"featured_media":50405,"comment_status":"closed","ping_status":"closed","sticky":false,"template":"","format":"standard","meta":{"_et_pb_use_builder":"off","_et_pb_old_content":"","_et_gb_content_width":"","footnotes":""},"categories":[517],"tags":[],"class_list":["post-50409","post","type-post","status-publish","format-standard","has-post-thumbnail","hentry","category-gobierno-general"],"jetpack_featured_media_url":"https:\/\/i0.wp.com\/www.claret.org\/wp-content\/uploads\/2019\/07\/benedetto-xvi.jpg?fit=450%2C326&ssl=1","jetpack_sharing_enabled":true,"jetpack_shortlink":"https:\/\/wp.me\/pdaBmi-d73","jetpack_likes_enabled":true,"_links":{"self":[{"href":"https:\/\/www.claret.org\/es\/wp-json\/wp\/v2\/posts\/50409","targetHints":{"allow":["GET"]}}],"collection":[{"href":"https:\/\/www.claret.org\/es\/wp-json\/wp\/v2\/posts"}],"about":[{"href":"https:\/\/www.claret.org\/es\/wp-json\/wp\/v2\/types\/post"}],"author":[{"embeddable":true,"href":"https:\/\/www.claret.org\/es\/wp-json\/wp\/v2\/users\/1"}],"replies":[{"embeddable":true,"href":"https:\/\/www.claret.org\/es\/wp-json\/wp\/v2\/comments?post=50409"}],"version-history":[{"count":0,"href":"https:\/\/www.claret.org\/es\/wp-json\/wp\/v2\/posts\/50409\/revisions"}],"wp:featuredmedia":[{"embeddable":true,"href":"https:\/\/www.claret.org\/es\/wp-json\/wp\/v2\/media\/50405"}],"wp:attachment":[{"href":"https:\/\/www.claret.org\/es\/wp-json\/wp\/v2\/media?parent=50409"}],"wp:term":[{"taxonomy":"category","embeddable":true,"href":"https:\/\/www.claret.org\/es\/wp-json\/wp\/v2\/categories?post=50409"},{"taxonomy":"post_tag","embeddable":true,"href":"https:\/\/www.claret.org\/es\/wp-json\/wp\/v2\/tags?post=50409"}],"curies":[{"name":"wp","href":"https:\/\/api.w.org\/{rel}","templated":true}]}}