{"id":51304,"date":"2013-01-18T16:35:16","date_gmt":"2013-01-18T15:35:16","guid":{"rendered":"https:\/\/www.claret.org\/conclude-il-xiii-capitolo-della-provincia-delle-filippine\/"},"modified":"2019-07-16T16:45:26","modified_gmt":"2019-07-16T14:45:26","slug":"conclude-il-xiii-capitolo-della-provincia-delle-filippine","status":"publish","type":"post","link":"https:\/\/www.claret.org\/es\/conclude-il-xiii-capitolo-della-provincia-delle-filippine\/","title":{"rendered":"Concluye el XIII Cap\u00edtulo de la Provincia de Filipinas"},"content":{"rendered":"<div class=\"field field-name-body field-type-text-with-summary field-label-hidden\">\n<div class=\"field-items\">\n<div class=\"field-item even\">\n<p><strong><img data-recalc-dims=\"1\" loading=\"lazy\" decoding=\"async\" class=\" wp-image-51290 alignright\" src=\"https:\/\/i0.wp.com\/www.claret.org\/wp-content\/uploads\/2019\/07\/Philipp_group.jpg?resize=509%2C365&#038;ssl=1\" alt=\"\" width=\"509\" height=\"365\" title=\"\" srcset=\"https:\/\/i0.wp.com\/www.claret.org\/wp-content\/uploads\/2019\/07\/Philipp_group.jpg?resize=300%2C215&amp;ssl=1 300w, https:\/\/i0.wp.com\/www.claret.org\/wp-content\/uploads\/2019\/07\/Philipp_group.jpg?w=450&amp;ssl=1 450w\" sizes=\"(max-width: 509px) 100vw, 509px\" \/><\/strong><\/p>\n<p><strong>Quezon City, Filipinas<\/strong>. El 18 de enero de 2012 se ha puesto t\u00e9rmino al XIII Cap\u00edtulo Provincial de Filipinas.<br \/>\nDespu\u00e9s de varias deliberaciones fue aprobado el Documento Capitular que orientar\u00e1 la vida y misi\u00f3n de esta Provincia durante el pr\u00f3ximo per\u00edodo. El Documento contiene los siguientes apartados:<br \/>\n1.    Contexto.<br \/>\n2.    Espiritualidad para la Misi\u00f3n.<br \/>\n3.    Comunion para la Misi\u00f3n.<br \/>\n4.    Misi\u00f3n Prof\u00e9tica.<br \/>\n5.    Formaci\u00f3n para la Misi\u00f3n<br \/>\n6.    Liderazgo para la Misi\u00f3n<br \/>\n7.    Economa para la Misi\u00f3n<br \/>\n8.    Conclusion.<\/p>\n<p>Adem\u00e1s de este Documento, los capitulares han aprobado las Actas del Cap\u00edtulo  estampado en ellas su firma. La celebraci\u00f3n eucar\u00edstica ha sido el c\u00falmen de este encuentro de hermanos que fue presidido por el P. Mathew Vattamattan CMF.<\/p>\n<p><strong> <\/strong><\/p>\n<\/div>\n<\/div>\n<\/div>\n","protected":false},"excerpt":{"rendered":"<p>Quezon City, Filipinas. El 18 de enero de 2012 se ha puesto t\u00e9rmino al XIII Cap\u00edtulo Provincial de Filipinas. Despu\u00e9s de varias deliberaciones fue aprobado el Documento Capitular que orientar\u00e1 la vida y misi\u00f3n de esta Provincia durante el pr\u00f3ximo per\u00edodo. El Documento contiene los siguientes apartados: 1. Contexto. 2. Espiritualidad para la Misi\u00f3n. 3. [&hellip;]<\/p>\n","protected":false},"author":1,"featured_media":0,"comment_status":"closed","ping_status":"closed","sticky":false,"template":"","format":"standard","meta":{"_et_pb_use_builder":"","_et_pb_old_content":"","_et_gb_content_width":"","footnotes":""},"categories":[216],"tags":[],"class_list":["post-51304","post","type-post","status-publish","format-standard","hentry","category-fr-rhoel-gallardo-es"],"jetpack_featured_media_url":"","jetpack_sharing_enabled":true,"jetpack_shortlink":"https:\/\/wp.me\/pdaBmi-dlu","jetpack_likes_enabled":true,"_links":{"self":[{"href":"https:\/\/www.claret.org\/es\/wp-json\/wp\/v2\/posts\/51304","targetHints":{"allow":["GET"]}}],"collection":[{"href":"https:\/\/www.claret.org\/es\/wp-json\/wp\/v2\/posts"}],"about":[{"href":"https:\/\/www.claret.org\/es\/wp-json\/wp\/v2\/types\/post"}],"author":[{"embeddable":true,"href":"https:\/\/www.claret.org\/es\/wp-json\/wp\/v2\/users\/1"}],"replies":[{"embeddable":true,"href":"https:\/\/www.claret.org\/es\/wp-json\/wp\/v2\/comments?post=51304"}],"version-history":[{"count":0,"href":"https:\/\/www.claret.org\/es\/wp-json\/wp\/v2\/posts\/51304\/revisions"}],"wp:attachment":[{"href":"https:\/\/www.claret.org\/es\/wp-json\/wp\/v2\/media?parent=51304"}],"wp:term":[{"taxonomy":"category","embeddable":true,"href":"https:\/\/www.claret.org\/es\/wp-json\/wp\/v2\/categories?post=51304"},{"taxonomy":"post_tag","embeddable":true,"href":"https:\/\/www.claret.org\/es\/wp-json\/wp\/v2\/tags?post=51304"}],"curies":[{"name":"wp","href":"https:\/\/api.w.org\/{rel}","templated":true}]}}