{"id":51762,"date":"2012-12-22T09:17:26","date_gmt":"2012-12-22T08:17:26","guid":{"rendered":"https:\/\/www.claret.org\/inundaciones-en-sri-lanka\/"},"modified":"2012-12-22T09:17:26","modified_gmt":"2012-12-22T08:17:26","slug":"inundaciones-en-sri-lanka","status":"publish","type":"post","link":"https:\/\/www.claret.org\/es\/inundaciones-en-sri-lanka\/","title":{"rendered":"Inundaciones en Sri Lanka"},"content":{"rendered":"<div class=\"field field-name-body field-type-text-with-summary field-label-hidden\">\n<div class=\"field-items\">\n<div class=\"field-item even\">\n<p><strong>Kurunegala, Sri Lanka<\/strong>. Nuestros hermanos de Kurunegala, en Sri Lanka, nos comunican la situaci\u00f3n desastrosa que viven a causa del mal tiempo en la Isla, sobre todo a partir de la noche del 16 de diciembre.<br \/>\nLas fuertes lluvias, han da\u00f1ado muchas propiedades y han bloqueado el transporte en las principales carreteras de la regi\u00f3n.<\/p>\n<p>En esta ciudad se ubica el Noviciado de la Delegaci\u00f3n dependiente de Sri Lanka denominado \u201cCasa Claret\u201d y que recientemente ha sido remodelado. Actualmente viven all\u00ed tres sacerdotes y seis novicios, apoyados por unas cuatro personas de servicio. La casa no ha sufrido mayores desperfectos, a\u00fan cuando est\u00e1 rodeada de varios canales de agua. Sin embargo los terrenos, dos de los pozos de agua potable y un motor el\u00e9ctrico han quedado inundados.<\/p>\n<p>Las casas y propiedades de algunos vecinos quedaron completamente bajo el agua y una granja av\u00edcola, junto a nuestro Noviciado, ha sido da\u00f1ada severamente perdiendo cerca de 7000 pollos.<\/p>\n<p>Los claretianos han apoyado solidariamente a los vecinos en este tiempo de prueba. Tambi\u00e9n han proporcionado provisiones de alimentos a quienes los han necesitado.<\/p>\n<p><img data-recalc-dims=\"1\" loading=\"lazy\" decoding=\"async\" class=\"smartresize alignright\" src=\"https:\/\/i0.wp.com\/www2.claret.org\/sites\/default\/files\/imagenes\/Noticias\/SriLanka_inundation2.jpg?resize=450%2C316\" alt=\"SriLanka_inundation2\" width=\"450\" height=\"316\" title=\"\">Pasado el temporal, las aguas empiezan a ceder lentamente y nuestra casa noviciado, cuya remodelaci\u00f3n ha sido recientemente conclu\u00edda, espera su reapertura para el pr\u00f3ximo 22 de diciembre. Para ello, se tiene planeada una ceremonia de bendici\u00f3n que ser\u00e1 presidida por el  P. Stefan Wolf, Provincial de Alemania, de la que depende nuestra misi\u00f3n en Sri Lanka.<\/p>\n<\/div>\n<\/div>\n<\/div>\n<div class=\"field field-name-field-noticia-autor-alias field-type-text field-label-hidden\">\n<div class=\"field-items\">\n<div class=\"field-item even\">Everest Dias<\/div>\n<\/div>\n<\/div>\n","protected":false},"excerpt":{"rendered":"<p>Kurunegala, Sri Lanka. Nuestros hermanos de Kurunegala, en Sri Lanka, nos comunican la situaci\u00f3n desastrosa que viven a causa del mal tiempo en la Isla, sobre todo a partir de la noche del 16 de diciembre. Las fuertes lluvias, han da\u00f1ado muchas propiedades y han bloqueado el transporte en las principales carreteras de la regi\u00f3n. [&hellip;]<\/p>\n","protected":false},"author":1,"featured_media":51760,"comment_status":"closed","ping_status":"closed","sticky":false,"template":"","format":"standard","meta":{"_et_pb_use_builder":"","_et_pb_old_content":"","_et_gb_content_width":"","footnotes":""},"categories":[246],"tags":[],"class_list":["post-51762","post","type-post","status-publish","format-standard","has-post-thumbnail","hentry","category-st-joseph-vaz-es"],"jetpack_featured_media_url":"https:\/\/i0.wp.com\/www.claret.org\/wp-content\/uploads\/2019\/07\/SriLanka_inundation.jpg?fit=450%2C280&ssl=1","jetpack_sharing_enabled":true,"jetpack_shortlink":"https:\/\/wp.me\/pdaBmi-dsS","jetpack_likes_enabled":true,"_links":{"self":[{"href":"https:\/\/www.claret.org\/es\/wp-json\/wp\/v2\/posts\/51762","targetHints":{"allow":["GET"]}}],"collection":[{"href":"https:\/\/www.claret.org\/es\/wp-json\/wp\/v2\/posts"}],"about":[{"href":"https:\/\/www.claret.org\/es\/wp-json\/wp\/v2\/types\/post"}],"author":[{"embeddable":true,"href":"https:\/\/www.claret.org\/es\/wp-json\/wp\/v2\/users\/1"}],"replies":[{"embeddable":true,"href":"https:\/\/www.claret.org\/es\/wp-json\/wp\/v2\/comments?post=51762"}],"version-history":[{"count":0,"href":"https:\/\/www.claret.org\/es\/wp-json\/wp\/v2\/posts\/51762\/revisions"}],"wp:featuredmedia":[{"embeddable":true,"href":"https:\/\/www.claret.org\/es\/wp-json\/wp\/v2\/media\/51760"}],"wp:attachment":[{"href":"https:\/\/www.claret.org\/es\/wp-json\/wp\/v2\/media?parent=51762"}],"wp:term":[{"taxonomy":"category","embeddable":true,"href":"https:\/\/www.claret.org\/es\/wp-json\/wp\/v2\/categories?post=51762"},{"taxonomy":"post_tag","embeddable":true,"href":"https:\/\/www.claret.org\/es\/wp-json\/wp\/v2\/tags?post=51762"}],"curies":[{"name":"wp","href":"https:\/\/api.w.org\/{rel}","templated":true}]}}