{"id":52004,"date":"2012-11-21T11:57:49","date_gmt":"2012-11-21T10:57:49","guid":{"rendered":"https:\/\/www.claret.org\/la-directiva-de-la-usg-sesiona-en-nuestra-curia-general\/"},"modified":"2012-11-21T11:57:49","modified_gmt":"2012-11-21T10:57:49","slug":"la-directiva-de-la-usg-sesiona-en-nuestra-curia-general","status":"publish","type":"post","link":"https:\/\/www.claret.org\/es\/la-directiva-de-la-usg-sesiona-en-nuestra-curia-general\/","title":{"rendered":"La directiva de la USG sesiona en nuestra Curia General"},"content":{"rendered":"<p><strong>Roma<\/strong>. El lunes 19 de noviembre se tuvo en nuestra Curia General la \u00faltima reuni\u00f3n del Consejo Ejecutivo de la Uni\u00f3n de Superiores Generales del per\u00edodo 2009-2012. Durante este per\u00edodo, el P. Josep M. Abella CMF, ha participado en el Consejo como Vicepresidente.<\/p>\n<p>Del 22 al 24 de noviembre, la USG celebrar\u00e1 su Asamblea General en la que se ha propuesto como tema: \u201cEn la fidelidad evangelizamos y testimoniamos\u201d. El S\u00ednodo del 2012, la crisis econ\u00f3mica y sus implicaciones para la vida consagrada.<\/p>\n<p>Durante dicha Asamblea ser\u00e1 elegida una nueva Directiva de la Uni\u00f3n.<\/p>\n","protected":false},"excerpt":{"rendered":"<p>Roma. El lunes 19 de noviembre se tuvo en nuestra Curia General la \u00faltima reuni\u00f3n del Consejo Ejecutivo de la Uni\u00f3n de Superiores Generales del per\u00edodo 2009-2012. Durante este per\u00edodo, el P. Josep M. Abella CMF, ha participado en el Consejo como Vicepresidente. Del 22 al 24 de noviembre, la USG celebrar\u00e1 su Asamblea General [&hellip;]<\/p>\n","protected":false},"author":1,"featured_media":52002,"comment_status":"closed","ping_status":"closed","sticky":false,"template":"","format":"standard","meta":{"_et_pb_use_builder":"","_et_pb_old_content":"","_et_gb_content_width":"","footnotes":""},"categories":[591,1613],"tags":[],"class_list":["post-52004","post","type-post","status-publish","format-standard","has-post-thumbnail","hentry","category-curia-general","category-josep-abella-batlle-es"],"jetpack_featured_media_url":"https:\/\/i0.wp.com\/www.claret.org\/wp-content\/uploads\/2019\/07\/USG_Parioli_w.jpg?fit=450%2C317&ssl=1","jetpack_sharing_enabled":true,"jetpack_shortlink":"https:\/\/wp.me\/pdaBmi-dwM","jetpack_likes_enabled":true,"_links":{"self":[{"href":"https:\/\/www.claret.org\/es\/wp-json\/wp\/v2\/posts\/52004","targetHints":{"allow":["GET"]}}],"collection":[{"href":"https:\/\/www.claret.org\/es\/wp-json\/wp\/v2\/posts"}],"about":[{"href":"https:\/\/www.claret.org\/es\/wp-json\/wp\/v2\/types\/post"}],"author":[{"embeddable":true,"href":"https:\/\/www.claret.org\/es\/wp-json\/wp\/v2\/users\/1"}],"replies":[{"embeddable":true,"href":"https:\/\/www.claret.org\/es\/wp-json\/wp\/v2\/comments?post=52004"}],"version-history":[{"count":0,"href":"https:\/\/www.claret.org\/es\/wp-json\/wp\/v2\/posts\/52004\/revisions"}],"wp:featuredmedia":[{"embeddable":true,"href":"https:\/\/www.claret.org\/es\/wp-json\/wp\/v2\/media\/52002"}],"wp:attachment":[{"href":"https:\/\/www.claret.org\/es\/wp-json\/wp\/v2\/media?parent=52004"}],"wp:term":[{"taxonomy":"category","embeddable":true,"href":"https:\/\/www.claret.org\/es\/wp-json\/wp\/v2\/categories?post=52004"},{"taxonomy":"post_tag","embeddable":true,"href":"https:\/\/www.claret.org\/es\/wp-json\/wp\/v2\/tags?post=52004"}],"curies":[{"name":"wp","href":"https:\/\/api.w.org\/{rel}","templated":true}]}}