{"id":52028,"date":"2012-11-19T12:14:10","date_gmt":"2012-11-19T11:14:10","guid":{"rendered":"https:\/\/www.claret.org\/comunicando-el-evangelio-a-traves-de-la-radio\/"},"modified":"2012-11-19T12:14:10","modified_gmt":"2012-11-19T11:14:10","slug":"comunicando-el-evangelio-a-traves-de-la-radio","status":"publish","type":"post","link":"https:\/\/www.claret.org\/es\/comunicando-el-evangelio-a-traves-de-la-radio\/","title":{"rendered":"Comunicando el Evangelio a trav\u00e9s de la radio"},"content":{"rendered":"<p><strong>Chicago, USA<\/strong>. Todos los s\u00e1bados, los claretianos Marco C\u00e1rdenas y Oscar Mendoza, con el seminarista Eloy Escamilla, se presentan ante los micr\u00f3fonos de \u201cLa Tremenda\u201d, una estaci\u00f3n de radio de Chicago que trasmite en espa\u00f1ol.<\/p>\n<p>De esta manera, los claretianos comparten el mensaje del Evangelio y las ense\u00f1anzas de Jes\u00fas que impactan la vida diaria. El programa, que se trasmite de las 6 a las 7 de la tarde, se llama \u201cHablemos en confianza\u201d y se ocupa lo mismo de problemas familiares que de preocupaciones financieras o de inmigraci\u00f3n, iluminando la vida de los oyentes con la Sagrada Escritura.<\/p>\n<p>\u00abNos ocupamos de los aspectos humanos -dice el P. C\u00e1rdenas-, a fin de dar al radioescucha un mensaje que toque la realidad de su vida, especialmente la de la comunidad migrante. El programa ayuda a ver c\u00f3mo el migrante se est\u00e1 adaptando a la vida en los Estados Unidos\u201d.<\/p>\n<p>El P. C\u00e1rdenas explica: \u00abNuestro fundador, San Antonio Mar\u00eda Claret, en el siglo 19, utiliz\u00f3 todos los medios de comunicaci\u00f3n para la evangelizaci\u00f3n en \u00e1reas que no hab\u00edan sido alcanzadas.\u00bb<\/p>\n<p>Siguiendo el ejemplo de nuestro fundador, los claretianos establecieron en Chicago la editorial \u201cClaretian Publications\u201d y tambi\u00e9n se valen de la radio como medio de comunicaci\u00f3n y ense\u00f1anza.<\/p>\n","protected":false},"excerpt":{"rendered":"<p>Chicago, USA. Todos los s\u00e1bados, los claretianos Marco C\u00e1rdenas y Oscar Mendoza, con el seminarista Eloy Escamilla, se presentan ante los micr\u00f3fonos de \u201cLa Tremenda\u201d, una estaci\u00f3n de radio de Chicago que trasmite en espa\u00f1ol. De esta manera, los claretianos comparten el mensaje del Evangelio y las ense\u00f1anzas de Jes\u00fas que impactan la vida diaria. [&hellip;]<\/p>\n","protected":false},"author":1,"featured_media":52026,"comment_status":"closed","ping_status":"closed","sticky":false,"template":"","format":"standard","meta":{"_et_pb_use_builder":"","_et_pb_old_content":"","_et_gb_content_width":"","footnotes":""},"categories":[504,422,601],"tags":[],"class_list":["post-52028","post","type-post","status-publish","format-standard","has-post-thumbnail","hentry","category-noticias-eclesiales","category-pastoral-educativa","category-usa-canada-es"],"jetpack_featured_media_url":"https:\/\/i0.wp.com\/www.claret.org\/wp-content\/uploads\/2019\/07\/Chicago_radio3.jpg?fit=450%2C302&ssl=1","jetpack_sharing_enabled":true,"jetpack_shortlink":"https:\/\/wp.me\/pdaBmi-dxa","jetpack_likes_enabled":true,"_links":{"self":[{"href":"https:\/\/www.claret.org\/es\/wp-json\/wp\/v2\/posts\/52028","targetHints":{"allow":["GET"]}}],"collection":[{"href":"https:\/\/www.claret.org\/es\/wp-json\/wp\/v2\/posts"}],"about":[{"href":"https:\/\/www.claret.org\/es\/wp-json\/wp\/v2\/types\/post"}],"author":[{"embeddable":true,"href":"https:\/\/www.claret.org\/es\/wp-json\/wp\/v2\/users\/1"}],"replies":[{"embeddable":true,"href":"https:\/\/www.claret.org\/es\/wp-json\/wp\/v2\/comments?post=52028"}],"version-history":[{"count":0,"href":"https:\/\/www.claret.org\/es\/wp-json\/wp\/v2\/posts\/52028\/revisions"}],"wp:featuredmedia":[{"embeddable":true,"href":"https:\/\/www.claret.org\/es\/wp-json\/wp\/v2\/media\/52026"}],"wp:attachment":[{"href":"https:\/\/www.claret.org\/es\/wp-json\/wp\/v2\/media?parent=52028"}],"wp:term":[{"taxonomy":"category","embeddable":true,"href":"https:\/\/www.claret.org\/es\/wp-json\/wp\/v2\/categories?post=52028"},{"taxonomy":"post_tag","embeddable":true,"href":"https:\/\/www.claret.org\/es\/wp-json\/wp\/v2\/tags?post=52028"}],"curies":[{"name":"wp","href":"https:\/\/api.w.org\/{rel}","templated":true}]}}