{"id":52079,"date":"2012-11-12T12:49:39","date_gmt":"2012-11-12T11:49:39","guid":{"rendered":"https:\/\/www.claret.org\/el-p-general-urge-a-la-solidaridad-con-cuba\/"},"modified":"2012-11-12T12:49:39","modified_gmt":"2012-11-12T11:49:39","slug":"el-p-general-urge-a-la-solidaridad-con-cuba","status":"publish","type":"post","link":"https:\/\/www.claret.org\/es\/el-p-general-urge-a-la-solidaridad-con-cuba\/","title":{"rendered":"El P. General urge a la solidaridad con Cuba"},"content":{"rendered":"<p><strong>Roma<\/strong>. El P. Josep Ma. Abella CMF, nuestro Superior General, ha dirigido una carta a los Misioneros Claretianos solicitando la generosa colaboraci\u00f3n de todos para contribuir con nuestros hermanos y la poblaci\u00f3n de Cuba afectados por el hurac\u00e1n \u201cSandy\u201d. (Puede leerse en Espa\u00f1ol <a href=\"http:\/\/www2.claret.org\/es\/noticias\/12-11-2012\/index.php?option=com_docman&amp;task=doc_download&amp;gid=985&amp;Itemid=366&amp;lang=es\" rel=\"nofollow noopener\" target=\"_blank\">AQU\u00cd<\/a>)<\/p>\n<p>La carta est\u00e1 orientada a suscitar la solidaridad econ\u00f3mica y a sintonizar de alg\u00fan modo con la situaci\u00f3n de dolor por la que pasa este pueblo, especialmente el de la zona de Santiago.<\/p>\n","protected":false},"excerpt":{"rendered":"<p>Roma. El P. Josep Ma. Abella CMF, nuestro Superior General, ha dirigido una carta a los Misioneros Claretianos solicitando la generosa colaboraci\u00f3n de todos para contribuir con nuestros hermanos y la poblaci\u00f3n de Cuba afectados por el hurac\u00e1n \u201cSandy\u201d. (Puede leerse en Espa\u00f1ol AQU\u00cd) La carta est\u00e1 orientada a suscitar la solidaridad econ\u00f3mica y a [&hellip;]<\/p>\n","protected":false},"author":1,"featured_media":52074,"comment_status":"closed","ping_status":"closed","sticky":false,"template":"","format":"standard","meta":{"_et_pb_use_builder":"","_et_pb_old_content":"","_et_gb_content_width":"","footnotes":""},"categories":[1613,341],"tags":[],"class_list":["post-52079","post","type-post","status-publish","format-standard","has-post-thumbnail","hentry","category-josep-abella-batlle-es","category-santiago-es"],"jetpack_featured_media_url":"https:\/\/i0.wp.com\/www.claret.org\/wp-content\/uploads\/2019\/07\/Cuba_Sandy_w.jpg?fit=425%2C283&ssl=1","jetpack_sharing_enabled":true,"jetpack_shortlink":"https:\/\/wp.me\/pdaBmi-dxZ","jetpack_likes_enabled":true,"_links":{"self":[{"href":"https:\/\/www.claret.org\/es\/wp-json\/wp\/v2\/posts\/52079","targetHints":{"allow":["GET"]}}],"collection":[{"href":"https:\/\/www.claret.org\/es\/wp-json\/wp\/v2\/posts"}],"about":[{"href":"https:\/\/www.claret.org\/es\/wp-json\/wp\/v2\/types\/post"}],"author":[{"embeddable":true,"href":"https:\/\/www.claret.org\/es\/wp-json\/wp\/v2\/users\/1"}],"replies":[{"embeddable":true,"href":"https:\/\/www.claret.org\/es\/wp-json\/wp\/v2\/comments?post=52079"}],"version-history":[{"count":0,"href":"https:\/\/www.claret.org\/es\/wp-json\/wp\/v2\/posts\/52079\/revisions"}],"wp:featuredmedia":[{"embeddable":true,"href":"https:\/\/www.claret.org\/es\/wp-json\/wp\/v2\/media\/52074"}],"wp:attachment":[{"href":"https:\/\/www.claret.org\/es\/wp-json\/wp\/v2\/media?parent=52079"}],"wp:term":[{"taxonomy":"category","embeddable":true,"href":"https:\/\/www.claret.org\/es\/wp-json\/wp\/v2\/categories?post=52079"},{"taxonomy":"post_tag","embeddable":true,"href":"https:\/\/www.claret.org\/es\/wp-json\/wp\/v2\/tags?post=52079"}],"curies":[{"name":"wp","href":"https:\/\/api.w.org\/{rel}","templated":true}]}}