{"id":52266,"date":"2012-10-19T16:21:45","date_gmt":"2012-10-19T14:21:45","guid":{"rendered":"https:\/\/www.claret.org\/claretianos-en-el-sinodo-de-obispos\/"},"modified":"2012-10-19T16:21:45","modified_gmt":"2012-10-19T14:21:45","slug":"claretianos-en-el-sinodo-de-obispos","status":"publish","type":"post","link":"https:\/\/www.claret.org\/es\/claretianos-en-el-sinodo-de-obispos\/","title":{"rendered":"Claretianos en el S\u00ednodo de Obispos"},"content":{"rendered":"<p><strong>Roma<\/strong>. Con la solenmne celebraci\u00f3n eucar\u00edstica del Domingo 7 de octubre, en la Plaza de San Pedro, el Papa Benedicto XVI ha inaugurado la XIII Asamblea General Ordinaria del S\u00ednodo de los Obispos que concluir\u00e1 el pr\u00f3ximo d\u00eda 28.<\/p>\n<p>El tema de esta Asamblea gira en torno a \u201cLa Nueva Evangelizaci\u00f3n para la transmisi\u00f3n de la fe cristiana\u00bb.<\/p>\n<p>Entre los \u201cPadres sinodales\u201d, los expertos, los oyentes y los invitados de otras Iglesias cristianas, participan Mons. Juan Jos\u00e9 Pineda Fasquelle CMF, Obispo auxiliar de Tegucigalpa, representando a la Conferencia Episcopal de Honduras y el P. Josep Ma. Abella CMF, nuestro Superior General, elegido como uno de los representantes de la Uni\u00f3n de Superiores Generales (ambos en la foto).<\/p>\n<p><img data-recalc-dims=\"1\" loading=\"lazy\" decoding=\"async\" class=\"smartresize alignleft\" src=\"https:\/\/i0.wp.com\/www2.claret.org\/sites\/default\/files\/imagenes\/Noticias\/Sinodo_12_w0.jpg?resize=450%2C318\" alt=\"Sinodo_12_w0\" width=\"450\" height=\"318\" title=\"\">Los trabajos sinodales han tenido su inicio pr\u00e1ctico el lunes 8 con la primera congregaci\u00f3n general. Despu\u00e9s del rezo de la hora tercia, el Papa Benedicto pronunci\u00f3 una meditaci\u00f3n en la que, entre otros profundos conceptos destac\u00f3 que: \u201cLa fe debe convertirse en una llama de amor con el que el cristiano encienda al pr\u00f3jimo. S\u00f3lo encendiendo la llama de la caridad, la evangelizaci\u00f3n se hace concreta\u201d.<\/p>\n","protected":false},"excerpt":{"rendered":"<p>Roma. Con la solenmne celebraci\u00f3n eucar\u00edstica del Domingo 7 de octubre, en la Plaza de San Pedro, el Papa Benedicto XVI ha inaugurado la XIII Asamblea General Ordinaria del S\u00ednodo de los Obispos que concluir\u00e1 el pr\u00f3ximo d\u00eda 28. El tema de esta Asamblea gira en torno a \u201cLa Nueva Evangelizaci\u00f3n para la transmisi\u00f3n de [&hellip;]<\/p>\n","protected":false},"author":1,"featured_media":52261,"comment_status":"closed","ping_status":"closed","sticky":false,"template":"","format":"standard","meta":{"_et_pb_use_builder":"","_et_pb_old_content":"","_et_gb_content_width":"","footnotes":""},"categories":[566],"tags":[],"class_list":["post-52266","post","type-post","status-publish","format-standard","has-post-thumbnail","hentry","category-cardenales-y-obispos"],"jetpack_featured_media_url":"https:\/\/i0.wp.com\/www.claret.org\/wp-content\/uploads\/2019\/07\/Sinodales12_w_1.jpg?fit=450%2C337&ssl=1","jetpack_sharing_enabled":true,"jetpack_shortlink":"https:\/\/wp.me\/pdaBmi-dB0","jetpack_likes_enabled":true,"_links":{"self":[{"href":"https:\/\/www.claret.org\/es\/wp-json\/wp\/v2\/posts\/52266","targetHints":{"allow":["GET"]}}],"collection":[{"href":"https:\/\/www.claret.org\/es\/wp-json\/wp\/v2\/posts"}],"about":[{"href":"https:\/\/www.claret.org\/es\/wp-json\/wp\/v2\/types\/post"}],"author":[{"embeddable":true,"href":"https:\/\/www.claret.org\/es\/wp-json\/wp\/v2\/users\/1"}],"replies":[{"embeddable":true,"href":"https:\/\/www.claret.org\/es\/wp-json\/wp\/v2\/comments?post=52266"}],"version-history":[{"count":0,"href":"https:\/\/www.claret.org\/es\/wp-json\/wp\/v2\/posts\/52266\/revisions"}],"wp:featuredmedia":[{"embeddable":true,"href":"https:\/\/www.claret.org\/es\/wp-json\/wp\/v2\/media\/52261"}],"wp:attachment":[{"href":"https:\/\/www.claret.org\/es\/wp-json\/wp\/v2\/media?parent=52266"}],"wp:term":[{"taxonomy":"category","embeddable":true,"href":"https:\/\/www.claret.org\/es\/wp-json\/wp\/v2\/categories?post=52266"},{"taxonomy":"post_tag","embeddable":true,"href":"https:\/\/www.claret.org\/es\/wp-json\/wp\/v2\/tags?post=52266"}],"curies":[{"name":"wp","href":"https:\/\/api.w.org\/{rel}","templated":true}]}}