{"id":52530,"date":"2012-08-16T09:45:36","date_gmt":"2012-08-16T07:45:36","guid":{"rendered":"https:\/\/www.claret.org\/las-misioneras-cordimarianas-eligen-nuevo-gobierno-general\/"},"modified":"2012-08-16T09:45:36","modified_gmt":"2012-08-16T07:45:36","slug":"las-misioneras-cordimarianas-eligen-nuevo-gobierno-general","status":"publish","type":"post","link":"https:\/\/www.claret.org\/es\/las-misioneras-cordimarianas-eligen-nuevo-gobierno-general\/","title":{"rendered":"Las Misioneras Cordimarianas eligen nuevo Gobierno General"},"content":{"rendered":"<p><strong>Morelia<\/strong> (M\u00e9xico). El lunes 23 de Julio las Misioneras Cordimarianas han conclu\u00eddo el proceso de elecci\u00f3n de su nuevo Gobierno General, para el per\u00edodo 2012-2018.<\/p>\n<p>La nueva Superiora General es la Hna. Bertha P\u00e9rez Valadez (segunda foto, al centro, con sus Consejeras), a qui\u00e9n acompa\u00f1ar\u00e1n como Consejeras las Hnas. Teresa Cruz, Teresita Garc\u00eda, Ang\u00e9lica Alvarado y Leonor Guevara.<br \/>\n<img data-recalc-dims=\"1\" loading=\"lazy\" decoding=\"async\" class=\"smartresize alignright\" src=\"https:\/\/i0.wp.com\/www2.claret.org\/sites\/default\/files\/imagenes\/Noticias\/cordis_3.jpg?resize=450%2C331\" alt=\"cordis_3\" width=\"450\" height=\"331\" title=\"\"><br \/>\nEl XIII Cap\u00edtulo General comenz\u00f3 el pasado 17 de julio. Adem\u00e1s de la evaluaci\u00f3n de su caminar durante el pasado per\u00edodo, las capitulares han centrado su atenci\u00f3n en la formaci\u00f3n, especialmente la formaci\u00f3n continua, en la entrega misionera con disponibilidad y desprendimiento, as\u00ed como en la llamada a vivir y recrear comunidad. Todos estos desaf\u00edos han sido expresados en el lema: \u00abLlamadas a vivir y crear  comunidad, expresi\u00f3n del reino, en misi\u00f3n, ante las nuevas situaciones\u00bb.<\/p>\n","protected":false},"excerpt":{"rendered":"<p>Morelia (M\u00e9xico). El lunes 23 de Julio las Misioneras Cordimarianas han conclu\u00eddo el proceso de elecci\u00f3n de su nuevo Gobierno General, para el per\u00edodo 2012-2018. La nueva Superiora General es la Hna. Bertha P\u00e9rez Valadez (segunda foto, al centro, con sus Consejeras), a qui\u00e9n acompa\u00f1ar\u00e1n como Consejeras las Hnas. Teresa Cruz, Teresita Garc\u00eda, Ang\u00e9lica Alvarado [&hellip;]<\/p>\n","protected":false},"author":1,"featured_media":52525,"comment_status":"closed","ping_status":"closed","sticky":false,"template":"","format":"standard","meta":{"_et_pb_use_builder":"","_et_pb_old_content":"","_et_gb_content_width":"","footnotes":""},"categories":[528,386],"tags":[],"class_list":["post-52530","post","type-post","status-publish","format-standard","has-post-thumbnail","hentry","category-familia-claretiana","category-mexico-es"],"jetpack_featured_media_url":"https:\/\/i0.wp.com\/www.claret.org\/wp-content\/uploads\/2019\/07\/cordis_2.jpg?fit=450%2C333&ssl=1","jetpack_sharing_enabled":true,"jetpack_shortlink":"https:\/\/wp.me\/pdaBmi-dFg","jetpack_likes_enabled":true,"_links":{"self":[{"href":"https:\/\/www.claret.org\/es\/wp-json\/wp\/v2\/posts\/52530","targetHints":{"allow":["GET"]}}],"collection":[{"href":"https:\/\/www.claret.org\/es\/wp-json\/wp\/v2\/posts"}],"about":[{"href":"https:\/\/www.claret.org\/es\/wp-json\/wp\/v2\/types\/post"}],"author":[{"embeddable":true,"href":"https:\/\/www.claret.org\/es\/wp-json\/wp\/v2\/users\/1"}],"replies":[{"embeddable":true,"href":"https:\/\/www.claret.org\/es\/wp-json\/wp\/v2\/comments?post=52530"}],"version-history":[{"count":0,"href":"https:\/\/www.claret.org\/es\/wp-json\/wp\/v2\/posts\/52530\/revisions"}],"wp:featuredmedia":[{"embeddable":true,"href":"https:\/\/www.claret.org\/es\/wp-json\/wp\/v2\/media\/52525"}],"wp:attachment":[{"href":"https:\/\/www.claret.org\/es\/wp-json\/wp\/v2\/media?parent=52530"}],"wp:term":[{"taxonomy":"category","embeddable":true,"href":"https:\/\/www.claret.org\/es\/wp-json\/wp\/v2\/categories?post=52530"},{"taxonomy":"post_tag","embeddable":true,"href":"https:\/\/www.claret.org\/es\/wp-json\/wp\/v2\/tags?post=52530"}],"curies":[{"name":"wp","href":"https:\/\/api.w.org\/{rel}","templated":true}]}}